{"id":19301,"date":"2022-05-24T12:45:29","date_gmt":"2022-05-24T10:45:29","guid":{"rendered":"https:\/\/www.olfasense.com\/2022\/05\/odour-testing-cosmetic-fful\/"},"modified":"2022-05-24T12:49:37","modified_gmt":"2022-05-24T10:49:37","slug":"testes-odores-cosmetico-fful","status":"publish","type":"post","link":"https:\/\/www.olfasense.com\/pt-pt\/2022\/05\/testes-odores-cosmetico-fful\/","title":{"rendered":"Palestra de Olfasense sobre testes de odores para o sector cosm\u00e9tico na Faculdade de Farm\u00e1cia da Universidade de Lisboa (FFUL)"},"content":{"rendered":"<p>A Faculdade de Farm\u00e1cia da Universidade de Lisboa (FFUL) oferece um Diploma de P\u00f3s-Gradua\u00e7\u00e3o em Cosmetologia Avan\u00e7ada e a Olfasense tem o prazer de fazer parte da 7\u00aa edi\u00e7\u00e3o deste curso.<\/p>\n<p>Este programa educativo compreende 6 m\u00f3dulos diferentes com o objetivo de apoiar os profissionais no desenvolvimento, atualiza\u00e7\u00e3o e melhoria dos seus conhecimentos regulamentares e t\u00e9cnicos na \u00e1rea dos produtos cosm\u00e9ticos. Abrange uma ampla vis\u00e3o dos produtos cosm\u00e9ticos, desde a sua conce\u00e7\u00e3o (formula\u00e7\u00e3o e desenvolvimento tecnol\u00f3gico) at\u00e9 ao seu posicionamento no mercado (requisitos regulamentares, de seguran\u00e7a e de efic\u00e1cia).<\/p>\n<p>No dia 28 de junho, a nossa consultora s\u00e9nior Rita Ribau Domingues dar\u00e1 uma palestra sobre a import\u00e2ncia e aplica\u00e7\u00e3o da <a href=\"https:\/\/www.olfasense.com\/pt-pt\/sectores-industriais\/produtos-para-o-corpo-e-cabelo\/\">an\u00e1lise sensorial olfativa em produtos cosm\u00e9ticos<\/a>.<\/p>\n<p>Rita tem uma vasta experi\u00eancia no desenvolvimento de neg\u00f3cios e gest\u00e3o de projetos de consultoria em odores e os participantes beneficiar\u00e3o dos seus conhecimentos especializados em testes sensoriais de bens de consumo de movimento r\u00e1pido (FMCG).<\/p>\n<p>Para al\u00e9m de fornecer uma vis\u00e3o geral sobre a implementa\u00e7\u00e3o de t\u00e9cnicas de an\u00e1lise qu\u00edmica\/sensorial para caracteriza\u00e7\u00e3o de odores de produtos cosm\u00e9ticos e de cuidados corporais, Rita apresentar\u00e1 exemplos pr\u00e1ticos das vantagens de integrar estes m\u00e9todos e a sua aplica\u00e7\u00e3o para:<\/p>\n<ul>\n<li>identifica\u00e7\u00e3o de notas n\u00e3o desejadas<\/li>\n<li>quantifica\u00e7\u00e3o da redu\u00e7\u00e3o de maus odores<\/li>\n<li>caracteriza\u00e7\u00e3o de aromas para a otimiza\u00e7\u00e3o de produtos<\/li>\n<li>efeitos duradouros das fragr\u00e2ncias<\/li>\n<\/ul>\n<p>Saiba mais sobre o curso atrav\u00e9s do <a href=\"https:\/\/www.ff.ulisboa.pt\/ensino\/ensino-cursos\/curso-curso-nao-conferentes-de-grau\/curso-pos-graduado-de-atualizacao-em-cosmetologia-avancada-7-edicao\/\">CURSO P\u00d3S-GRADUADO DE ATUALIZA\u00c7\u00c3O EM COSMETOLOGIA AVAN\u00c7ADA (7\u00aa EDI\u00c7\u00c3O)<\/a>.<\/p>\n","protected":false},"excerpt":{"rendered":"A Faculdade de Farm\u00e1cia da Universidade de Lisboa (FFUL) oferece um Diploma de P\u00f3s-Gradua\u00e7\u00e3o em Cosmetologia Avan\u00e7ada e a Olfasense tem o prazer de fazer parte da 7\u00aa edi\u00e7\u00e3o deste curso. Este programa educativo compreende 6 m\u00f3dulos diferentes com o objetivo de apoiar os profissionais no desenvolvimento, atualiza\u00e7\u00e3o e melhoria dos seus conhecimentos regulamentares e","protected":false},"author":5,"featured_media":19298,"comment_status":"closed","ping_status":"closed","sticky":false,"template":"","format":"standard","meta":{"_acf_changed":false,"footnotes":""},"categories":[5],"tags":[],"class_list":["post post-type-post post-view- post-scope-","status-publish","post-format-standard","has-post-thumbnail","category-sem-categoria","clear"],"acf":[],"_links":{"self":[{"href":"https:\/\/www.olfasense.com\/pt-pt\/wp-json\/wp\/v2\/posts\/19301","targetHints":{"allow":["GET"]}}],"collection":[{"href":"https:\/\/www.olfasense.com\/pt-pt\/wp-json\/wp\/v2\/posts"}],"about":[{"href":"https:\/\/www.olfasense.com\/pt-pt\/wp-json\/wp\/v2\/types\/post"}],"author":[{"embeddable":true,"href":"https:\/\/www.olfasense.com\/pt-pt\/wp-json\/wp\/v2\/users\/5"}],"replies":[{"embeddable":true,"href":"https:\/\/www.olfasense.com\/pt-pt\/wp-json\/wp\/v2\/comments?post=19301"}],"version-history":[{"count":2,"href":"https:\/\/www.olfasense.com\/pt-pt\/wp-json\/wp\/v2\/posts\/19301\/revisions"}],"predecessor-version":[{"id":19303,"href":"https:\/\/www.olfasense.com\/pt-pt\/wp-json\/wp\/v2\/posts\/19301\/revisions\/19303"}],"wp:featuredmedia":[{"embeddable":true,"href":"https:\/\/www.olfasense.com\/pt-pt\/wp-json\/wp\/v2\/media\/19298"}],"wp:attachment":[{"href":"https:\/\/www.olfasense.com\/pt-pt\/wp-json\/wp\/v2\/media?parent=19301"}],"wp:term":[{"taxonomy":"category","embeddable":true,"href":"https:\/\/www.olfasense.com\/pt-pt\/wp-json\/wp\/v2\/categories?post=19301"},{"taxonomy":"post_tag","embeddable":true,"href":"https:\/\/www.olfasense.com\/pt-pt\/wp-json\/wp\/v2\/tags?post=19301"}],"curies":[{"name":"wp","href":"https:\/\/api.w.org\/{rel}","templated":true}]}}