{"id":3044,"date":"2018-08-17T14:39:06","date_gmt":"2018-08-17T12:39:06","guid":{"rendered":"https:\/\/www.olfasense.com\/?p=3044"},"modified":"2021-01-19T13:26:47","modified_gmt":"2021-01-19T12:26:47","slug":"digitale-woche-kiel-2018-digital-kiel-week-2018","status":"publish","type":"post","link":"https:\/\/www.olfasense.com\/nl\/2018\/08\/digitale-woche-kiel-2018-digital-kiel-week-2018\/","title":{"rendered":"Digitale Woche Kiel 2018 \/\/ Digital Kiel Week 2018"},"content":{"rendered":"<p>Zur Einstimmung auf die Digitale Woche Kiel 2018 m\u00f6chten wir Sie gemeinsam mit unseren Partnern von <a class=\"ext\" href=\"https:\/\/www.geodata-gmbh.de\/\" target=\"_blank\" rel=\"noopener noreferrer\">GEO DATA<\/a> und <a class=\"ext\" href=\"https:\/\/addix.net\/\" target=\"_blank\" rel=\"noopener noreferrer\">Addix<\/a>\u00a0am 7.\u00a0September 2018 ins Wissenschaftszentrum Kiel\u00a0einladen.<\/p>\n<p>Unter dem Motto<strong> DIE DIGITALE STADT, DIE SMARTE STADT, EIN BARCAMP<\/strong> bringen wir Vordenker und Umsetzer zusammen, um Ideen und L\u00f6sungsans\u00e4tze f\u00fcr digitale St\u00e4dte zu entwickeln. Gemeinsam mit Ihnen m\u00f6chten wir Themen finden und auf breiter Basis\u00a0angehen.<\/p>\n<blockquote><p><strong>BARCAMP: DIGITALE STADT<br \/>\nam 7. September 2018 | 09 &#8211; 13 Uhr<br \/>\nim Wissenschaftszentrum, Fraunhoferstra\u00dfe 13 , 24118\u00a0Kiel<br \/>\n<a class=\"ext\" href=\"https:\/\/stellwerk.digital\/\" target=\"_blank\" rel=\"noopener noreferrer\">stellwerk.digital<\/a><\/strong><\/p><\/blockquote>\n<p>Digitale Zukunftsthemen brauchen moderne und innovative Formate, um diskutiert und bedacht zu werden. Bei einem BarCamp kommen VertreterInnen von Unternehmen, der Verwaltung, der Politik sowie interessierte B\u00fcrgerinnen und B\u00fcrger\u00a0zusammen.<\/p>\n<p><em><strong>Und so wird\u2019s\u00a0gemacht:<\/strong><\/em><\/p>\n<p>In einer Einf\u00fchrungsrunde k\u00f6nnen sich alle Teilnehmenden kurz vorstellen. Im Rahmen dieser Vorstellung k\u00f6nnen Themen vorgeschlagen werden. Die Themen drehen sich rund um die digitale Stadt und die smarte Gesellschaft. Diese k\u00f6nnen\u00a0sein:<\/p>\n<ul>\n<li>E-Government<\/li>\n<li>digitale Infrastruktur<\/li>\n<li>eMobilit\u00e4t<\/li>\n<li>Big Data oder IoT<\/li>\n<li>Datenschutz<\/li>\n<li>Teilhabe und B\u00fcrgerbeteilgung<\/li>\n<li>Smart Metering (intelligente Energiesteuerung)<\/li>\n<li>oder Anderes.<\/li>\n<\/ul>\n<p>Dabei k\u00f6nnen die Themen im Rahmen von Vortr\u00e4gen, Workshops oder Diskussionsrunden behandelt werden. Wer das Thema vorschl\u00e4gt, bestimmt das Format und somit die Session \u00fcber 45\u00a0Minuten.<\/p>\n<p>Alle Teilnehmenden k\u00f6nnen sich aktiv beteiligen. Niemand ist Zuschauer oder Zuschauerin, alle bestimmen und gestalten\u00a0mit.<\/p>\n<p>Als Sponsor und\u00a0Aussteller dieser Veranstaltung wird die Olfasense GmbH au\u00dferdem unsere SaaS Plattform <strong><a class=\"ext\" href=\"https:\/\/www.ortelium.com\" target=\"_blank\" rel=\"noopener noreferrer\">Ortelium<\/a>\u00a0<\/strong>als Umweltmonitoring- und B\u00fcrgerbeteiligungs-Tool\u00a0vorstellen.<\/p>\n<p>Anmelden k\u00f6nnen Sie sich auf der <a class=\"ext\" href=\"https:\/\/stellwerk.digital\/\" target=\"_blank\" rel=\"noopener noreferrer\">Webseite<\/a>\u00a0oder bei Maria Liczkowski (<a href=\"mailto:mliczkowski@olfasense.com\">mliczkowski@olfasense.com<\/a>; 0431 220 12\u00a027).<\/p>\n<p>Wir freuen uns sehr auf Ihren Besuch<br \/>\n<strong>Ihr Olfasense\u00a0Team<\/strong><\/p>\n<p>&#8212;&#8212;<\/p>\n<p>During 8\u00a0and 15 September 2018, the City of Kiel is organizing the 2nd Digital Kiel\u00a0Week.<\/p>\n<p>In the 2017 edition, participants had the chance to visit more than 200 innovative and inspiring lectures, workshops, discussions and networking sessions all around the topic of digitalization, held by stakeholders from economy, academia and\u00a0politics.<\/p>\n<p>As a warm-up on this year&#8217;s Digital Kiel Week, Olfasense is co-organizing a\u00a0 Barcamp to develop ideas and solutions for digital cities.\u00a0As a sponsor and exhibitor of this event, Olfasense will also present our SaaS platform <a class=\"ext\" href=\"http:\/\/www.ortelium.com\">Ortelium<\/a> as an environmental monitoring and citizen participation\u00a0tool.<\/p>\n","protected":false},"excerpt":{"rendered":"Zur Einstimmung auf die Digitale Woche Kiel 2018 m\u00f6chten wir Sie gemeinsam mit unseren Partnern von GEO DATA und Addix\u00a0am 7.\u00a0September 2018 ins Wissenschaftszentrum Kiel\u00a0einladen. Unter dem Motto DIE DIGITALE STADT, DIE SMARTE STADT, EIN BARCAMP bringen wir Vordenker und Umsetzer zusammen, um Ideen und L\u00f6sungsans\u00e4tze f\u00fcr digitale St\u00e4dte zu entwickeln. Gemeinsam mit Ihnen m\u00f6chten","protected":false},"author":5,"featured_media":3052,"comment_status":"closed","ping_status":"closed","sticky":false,"template":"","format":"standard","meta":{"_acf_changed":false,"footnotes":""},"categories":[2],"tags":[],"class_list":["post post-type-post post-view- post-scope-","status-publish","post-format-standard","has-post-thumbnail","category-uncategorized","clear"],"acf":[],"_links":{"self":[{"href":"https:\/\/www.olfasense.com\/nl\/wp-json\/wp\/v2\/posts\/3044","targetHints":{"allow":["GET"]}}],"collection":[{"href":"https:\/\/www.olfasense.com\/nl\/wp-json\/wp\/v2\/posts"}],"about":[{"href":"https:\/\/www.olfasense.com\/nl\/wp-json\/wp\/v2\/types\/post"}],"author":[{"embeddable":true,"href":"https:\/\/www.olfasense.com\/nl\/wp-json\/wp\/v2\/users\/5"}],"replies":[{"embeddable":true,"href":"https:\/\/www.olfasense.com\/nl\/wp-json\/wp\/v2\/comments?post=3044"}],"version-history":[{"count":2,"href":"https:\/\/www.olfasense.com\/nl\/wp-json\/wp\/v2\/posts\/3044\/revisions"}],"predecessor-version":[{"id":15109,"href":"https:\/\/www.olfasense.com\/nl\/wp-json\/wp\/v2\/posts\/3044\/revisions\/15109"}],"wp:featuredmedia":[{"embeddable":true,"href":"https:\/\/www.olfasense.com\/nl\/wp-json\/wp\/v2\/media\/3052"}],"wp:attachment":[{"href":"https:\/\/www.olfasense.com\/nl\/wp-json\/wp\/v2\/media?parent=3044"}],"wp:term":[{"taxonomy":"category","embeddable":true,"href":"https:\/\/www.olfasense.com\/nl\/wp-json\/wp\/v2\/categories?post=3044"},{"taxonomy":"post_tag","embeddable":true,"href":"https:\/\/www.olfasense.com\/nl\/wp-json\/wp\/v2\/tags?post=3044"}],"curies":[{"name":"wp","href":"https:\/\/api.w.org\/{rel}","templated":true}]}}