{"id":2765,"date":"2019-01-08T13:49:36","date_gmt":"2019-01-08T12:49:36","guid":{"rendered":"https:\/\/www.olfasense.com\/?p=2765"},"modified":"2021-05-17T10:06:38","modified_gmt":"2021-05-17T08:06:38","slug":"olfasense-erhalt-forderung-fur-die-index-2020-olfasense-receives-funding-for-index-2020","status":"publish","type":"post","link":"https:\/\/www.olfasense.com\/nl\/2019\/01\/olfasense-erhalt-forderung-fur-die-index-2020-olfasense-receives-funding-for-index-2020\/","title":{"rendered":"Olfasense erh\u00e4lt F\u00f6rderung f\u00fcr die INDEX 2020 \/\/ Olfasense receives funding for INDEX 2020"},"content":{"rendered":"<p>Das Ministerium f\u00fcr Wirtschaft, Verkehr, Arbeit, Technologie und Tourismus des Landes Schleswig-Holstein hat der Olfasense GmbH im Rahmen des Landesprogramms Wirtschaft 2014-2020 aus Mitteln des Europ\u00e4ischen Fonds f\u00fcr regionale Entwicklung (EFRE) nach Ma\u00dfgabe der &#8220;Richtlinie f\u00fcr die Gew\u00e4hrung von Zuwendungen zur F\u00f6rderung der Internationalisierung von KMU und Markterschlie\u00dfung im Ausland&#8221; eine Zuwendung zur Beteiligung mit einem Messestand auf der INDEX 2020 zur Markterschlie\u00dfung bewilligt.<\/p>\n<p>Die INDEX 2020 sollte urspr\u00fcnglich vom 31. M\u00e4rz bis 3. April 2020 in Genf, Schweiz stattfinden. Durch die Ausbreitung des Coronavirus in Europa wurde die INDEX 2020, wie andere gro\u00dfe Veranstaltungen und Messen auf einen sp\u00e4teren Zeitpunkt verschoben. <strong>Der neue Termin der Messe ist 19. &#8211; 22. Oktober 2021.<\/strong> Der Veranstaltungsort bleibt Genf.<\/p>\n<p>Weitere Informationen sind auf der Veranstaltungswebseite erh\u00e4ltlich: <a href=\"https:\/\/www.indexnonwovens.com\/en\/\">https:\/\/www.indexnonwovens.com<\/a><\/p>\n","protected":false},"excerpt":{"rendered":"Das Ministerium f\u00fcr Wirtschaft, Verkehr, Arbeit, Technologie und Tourismus des Landes Schleswig-Holstein hat der Olfasense GmbH im Rahmen des Landesprogramms Wirtschaft 2014-2020 aus Mitteln des Europ\u00e4ischen Fonds f\u00fcr regionale Entwicklung (EFRE) nach Ma\u00dfgabe der &#8220;Richtlinie f\u00fcr die Gew\u00e4hrung von Zuwendungen zur F\u00f6rderung der Internationalisierung von KMU und Markterschlie\u00dfung im Ausland&#8221; eine Zuwendung zur Beteiligung mit","protected":false},"author":5,"featured_media":2777,"comment_status":"closed","ping_status":"closed","sticky":false,"template":"","format":"standard","meta":{"_acf_changed":false,"footnotes":""},"categories":[2],"tags":[],"class_list":["post post-type-post post-view- post-scope-","status-publish","post-format-standard","has-post-thumbnail","category-uncategorized","clear"],"acf":[],"_links":{"self":[{"href":"https:\/\/www.olfasense.com\/nl\/wp-json\/wp\/v2\/posts\/2765","targetHints":{"allow":["GET"]}}],"collection":[{"href":"https:\/\/www.olfasense.com\/nl\/wp-json\/wp\/v2\/posts"}],"about":[{"href":"https:\/\/www.olfasense.com\/nl\/wp-json\/wp\/v2\/types\/post"}],"author":[{"embeddable":true,"href":"https:\/\/www.olfasense.com\/nl\/wp-json\/wp\/v2\/users\/5"}],"replies":[{"embeddable":true,"href":"https:\/\/www.olfasense.com\/nl\/wp-json\/wp\/v2\/comments?post=2765"}],"version-history":[{"count":3,"href":"https:\/\/www.olfasense.com\/nl\/wp-json\/wp\/v2\/posts\/2765\/revisions"}],"predecessor-version":[{"id":17037,"href":"https:\/\/www.olfasense.com\/nl\/wp-json\/wp\/v2\/posts\/2765\/revisions\/17037"}],"wp:featuredmedia":[{"embeddable":true,"href":"https:\/\/www.olfasense.com\/nl\/wp-json\/wp\/v2\/media\/2777"}],"wp:attachment":[{"href":"https:\/\/www.olfasense.com\/nl\/wp-json\/wp\/v2\/media?parent=2765"}],"wp:term":[{"taxonomy":"category","embeddable":true,"href":"https:\/\/www.olfasense.com\/nl\/wp-json\/wp\/v2\/categories?post=2765"},{"taxonomy":"post_tag","embeddable":true,"href":"https:\/\/www.olfasense.com\/nl\/wp-json\/wp\/v2\/tags?post=2765"}],"curies":[{"name":"wp","href":"https:\/\/api.w.org\/{rel}","templated":true}]}}