{"id":8855,"date":"2019-10-22T09:59:24","date_gmt":"2019-10-22T07:59:24","guid":{"rendered":"https:\/\/www.olfasense.com\/?p=8855"},"modified":"2021-01-19T14:12:24","modified_gmt":"2021-01-19T13:12:24","slug":"ortelium-at-the-1st-catalan-air-quality-congress","status":"publish","type":"post","link":"https:\/\/www.olfasense.com\/de\/2019\/10\/ortelium-at-the-1st-catalan-air-quality-congress\/","title":{"rendered":"Ortelium at the 1st Catalan air quality congress"},"content":{"rendered":"<p>Come meet our air quality experts at the 1st air quality congress organized by a committee of local Catalonian governmental authorities (Generalitat de Catalunya, Diputaci\u00f3 de Barcelona, \u00c0rea Metropolitana de Barcelona (AMB) &amp; Ajuntament de Sabadell).<\/p>\n<p><a href=\"https:\/\/www.meteosim.com\/es\/\">Meteosim<\/a><span>\u00a0<\/span>and Olfasense are partnering up to showcase how our environmental intelligence platform <a href=\"http:\/\/www.ortelium.com\">Ortelium<\/a> can help you meet the challenge of improving emission management in urban areas. In addition, Meteosim modelling experts will speak about numerical methodologies and aspects to consider to design a forecasting system.<\/p>\n<p>If you are interested in setting up a meeting beforehand, please get in touch via<a href=\"mailto:ortelium@olfasense.com\"><span> ortelium@olfasense.com<\/span><\/a>. More information on the congress is available on<span>\u00a0<\/span><a href=\"http:\/\/www.congresaire.cat\/\" target=\"_blank\" rel=\"noopener noreferrer\">www.congresaire.cat<\/a>.<\/p>\n<p>&#8212;<\/p>\n<p>Vine a con\u00e8ixer els nostres experts en qualitat de l\u2019aire al 1r congr\u00e9s sobre qualitat de l\u2019aire organitzat per un comit\u00e8 d\u2019autoritats governamentals locals de Catalunya (Generalitat de Catalunya, Diputaci\u00f3 de Barcelona, \u00c0rea Metropolitana de Barcelona (AMB) i Ajuntament de Sabadell).<\/p>\n<p>Meteosim i Olfasense s\u2019uneixen per mostrar com la nostra plataforma d\u2019intel\u00b7lig\u00e8ncia ambiental Ortelium pot ajudar-vos a afrontar el repte de millorar la gesti\u00f3 d\u2019emissions a les zones urbanes. A m\u00e9s, els experts en modelitzaci\u00f3 de Meteosim parlaran de metodologies num\u00e8riques i aspectes a considerar per a dissenyar un sistema de predicci\u00f3.<\/p>\n<p>Si est\u00e0 interessat en organitzar una reuni\u00f3 pr\u00e8viament, poseu-vos en contacte amb<span> <a href=\"mailto:ortelium@olfasense.com\">ortelium@olfasense.com<\/a><\/span>. M\u00e9s informaci\u00f3 sobre el congr\u00e9s, est\u00e0 disponible a<span>\u00a0<\/span><a href=\"http:\/\/www.congresaire.cat\/\" target=\"_blank\" rel=\"noopener noreferrer\">www.congresaire.cat<\/a>.<\/p>\n","protected":false},"excerpt":{"rendered":"Come meet our air quality experts at the 1st air quality congress organized by a committee of local Catalonian governmental authorities (Generalitat de Catalunya, Diputaci\u00f3 de Barcelona, \u00c0rea Metropolitana de Barcelona (AMB) &amp; Ajuntament de Sabadell). Meteosim\u00a0and Olfasense are partnering up to showcase how our environmental intelligence platform Ortelium can help you meet the challenge","protected":false},"author":5,"featured_media":8856,"comment_status":"closed","ping_status":"closed","sticky":false,"template":"","format":"standard","meta":{"_acf_changed":false,"footnotes":""},"categories":[2],"tags":[],"class_list":["post post-type-post post-view- post-scope-","status-publish","post-format-standard","has-post-thumbnail","category-uncategorized","clear"],"acf":[],"_links":{"self":[{"href":"https:\/\/www.olfasense.com\/de\/wp-json\/wp\/v2\/posts\/8855","targetHints":{"allow":["GET"]}}],"collection":[{"href":"https:\/\/www.olfasense.com\/de\/wp-json\/wp\/v2\/posts"}],"about":[{"href":"https:\/\/www.olfasense.com\/de\/wp-json\/wp\/v2\/types\/post"}],"author":[{"embeddable":true,"href":"https:\/\/www.olfasense.com\/de\/wp-json\/wp\/v2\/users\/5"}],"replies":[{"embeddable":true,"href":"https:\/\/www.olfasense.com\/de\/wp-json\/wp\/v2\/comments?post=8855"}],"version-history":[{"count":2,"href":"https:\/\/www.olfasense.com\/de\/wp-json\/wp\/v2\/posts\/8855\/revisions"}],"predecessor-version":[{"id":15114,"href":"https:\/\/www.olfasense.com\/de\/wp-json\/wp\/v2\/posts\/8855\/revisions\/15114"}],"wp:featuredmedia":[{"embeddable":true,"href":"https:\/\/www.olfasense.com\/de\/wp-json\/wp\/v2\/media\/8856"}],"wp:attachment":[{"href":"https:\/\/www.olfasense.com\/de\/wp-json\/wp\/v2\/media?parent=8855"}],"wp:term":[{"taxonomy":"category","embeddable":true,"href":"https:\/\/www.olfasense.com\/de\/wp-json\/wp\/v2\/categories?post=8855"},{"taxonomy":"post_tag","embeddable":true,"href":"https:\/\/www.olfasense.com\/de\/wp-json\/wp\/v2\/tags?post=8855"}],"curies":[{"name":"wp","href":"https:\/\/api.w.org\/{rel}","templated":true}]}}