{"id":8827,"date":"2019-10-07T14:19:23","date_gmt":"2019-10-07T12:19:23","guid":{"rendered":"https:\/\/www.olfasense.com\/?p=8827"},"modified":"2021-01-19T13:18:27","modified_gmt":"2021-01-19T12:18:27","slug":"treffen-sie-unsere-geruchsexperten-auf-den-folgenden-veranstaltungen","status":"publish","type":"post","link":"https:\/\/www.olfasense.com\/de\/2019\/10\/treffen-sie-unsere-geruchsexperten-auf-den-folgenden-veranstaltungen\/","title":{"rendered":"Treffen Sie unsere Geruchsexperten auf den folgenden Veranstaltungen"},"content":{"rendered":"<p>Bis zum Ende des Jahres k\u00f6nnen Sie unsere Geruchsexperten auf folgenden Veranstaltungen treffen:<\/p>\n<p>Vom 20. bis 21. November 2019 finden Sie uns als Mitglieder des Programmausschusses, als Referenten sowie mit einem Stand auf der <a href=\"https:\/\/www.vdi-wissensforum.de\/weiterbildung-umwelttechnik\/gerueche-in-der-umwelt\/\">8. Tagung \u201eGer\u00fcche in der Umwelt\u201c<\/a>. Die im zweij\u00e4hrigen Rhythmus stattfindende Tagung versteht sich als Plattform f\u00fcr den fachlichen Austausch und stellt eine Vielzahl der praktischen Erfahrungen im Rahmen der Ermittlung und Bewertung von Geruchsemissionen und -immissionen vor. Wir w\u00fcrden uns freuen, Sie dort zu unseren Vortr\u00e4gen \u201eFallbeispiel von der Planung bis zur \u00dcberwachung im Regelbetrieb: Entwicklung der anzuwendenden Grenzwerte im Rahmen der Genehmigungssituation einer Meierei\u201c und \u201e\u00dcberblick \u00fcber die ge\u00e4nderten Anforderungen der EN 13725 im Vergleich des Entwurfes 06\/2019 zur geltenden Fassung 07\/2003\u201c begr\u00fc\u00dfen zu d\u00fcrfen. An unserem Stand wollen wir Ihnen gern unseren Ortelium-Atlas mit den unterschiedlichen Modulen wie Beschwerdemanagement, Sensoreinbindung, Ausbreitungsrechnung, Backtracking zur Beschwerdevalidierung sowie Wetterdateneinbindung zeigen, die aktuelle Olfaktometer Generation, das TOevo, pr\u00e4sentieren und unsere unterschiedlichen Sets der Sniffing Sticks zur Pr\u00fcferauswahl und zum Pr\u00fcfertraining vorstellen.<\/p>\n<p>Am 11. und 12. November 2019 treffen Sie Frau Mannebeck als Referentin bei den <a href=\"https:\/\/www.biogas.org\/edcom\/webfvb.nsf\/id\/de_homepage\">2. Heidelberger Ablufttagen<\/a>. Sie wird am 12. November 2019 mit 2 Grundlagenvortr\u00e4gen \u201eGeruch &#8211; Vom Problem zur L\u00f6sung\u201c und \u201eGeruch &#8211; Einf\u00fchrung und gesetzliche Rahmenbedingungen\u201c zur Veranstaltung beitragen.<\/p>\n","protected":false},"excerpt":{"rendered":"Bis zum Ende des Jahres k\u00f6nnen Sie unsere Geruchsexperten auf folgenden Veranstaltungen treffen: Vom 20. bis 21. November 2019 finden Sie uns als Mitglieder des Programmausschusses, als Referenten sowie mit einem Stand auf der 8. Tagung \u201eGer\u00fcche in der Umwelt\u201c. Die im zweij\u00e4hrigen Rhythmus stattfindende Tagung versteht sich als Plattform f\u00fcr den fachlichen Austausch und","protected":false},"author":5,"featured_media":8828,"comment_status":"closed","ping_status":"closed","sticky":false,"template":"","format":"standard","meta":{"_acf_changed":false,"footnotes":""},"categories":[1],"tags":[],"class_list":["post post-type-post post-view- post-scope-","status-publish","post-format-standard","has-post-thumbnail","category-unkategorisiert","clear"],"acf":[],"_links":{"self":[{"href":"https:\/\/www.olfasense.com\/de\/wp-json\/wp\/v2\/posts\/8827","targetHints":{"allow":["GET"]}}],"collection":[{"href":"https:\/\/www.olfasense.com\/de\/wp-json\/wp\/v2\/posts"}],"about":[{"href":"https:\/\/www.olfasense.com\/de\/wp-json\/wp\/v2\/types\/post"}],"author":[{"embeddable":true,"href":"https:\/\/www.olfasense.com\/de\/wp-json\/wp\/v2\/users\/5"}],"replies":[{"embeddable":true,"href":"https:\/\/www.olfasense.com\/de\/wp-json\/wp\/v2\/comments?post=8827"}],"version-history":[{"count":2,"href":"https:\/\/www.olfasense.com\/de\/wp-json\/wp\/v2\/posts\/8827\/revisions"}],"predecessor-version":[{"id":15097,"href":"https:\/\/www.olfasense.com\/de\/wp-json\/wp\/v2\/posts\/8827\/revisions\/15097"}],"wp:featuredmedia":[{"embeddable":true,"href":"https:\/\/www.olfasense.com\/de\/wp-json\/wp\/v2\/media\/8828"}],"wp:attachment":[{"href":"https:\/\/www.olfasense.com\/de\/wp-json\/wp\/v2\/media?parent=8827"}],"wp:term":[{"taxonomy":"category","embeddable":true,"href":"https:\/\/www.olfasense.com\/de\/wp-json\/wp\/v2\/categories?post=8827"},{"taxonomy":"post_tag","embeddable":true,"href":"https:\/\/www.olfasense.com\/de\/wp-json\/wp\/v2\/tags?post=8827"}],"curies":[{"name":"wp","href":"https:\/\/api.w.org\/{rel}","templated":true}]}}