{"id":3093,"date":"2017-08-22T11:05:30","date_gmt":"2017-08-22T09:05:30","guid":{"rendered":"https:\/\/www.olfasense.com\/?p=3093"},"modified":"2021-01-19T15:26:00","modified_gmt":"2021-01-19T14:26:00","slug":"digitale-woche-kiel-digital-kiel-week","status":"publish","type":"post","link":"https:\/\/www.olfasense.com\/de\/2017\/08\/digitale-woche-kiel-digital-kiel-week\/","title":{"rendered":"Digitale Woche Kiel \/\/ Digital Kiel Week"},"content":{"rendered":"<p>Begriffe wie digitale Stadt, smart waste, smart environment, IoT und B\u00fcrgerbeteiligung sind schon heute in aller Munde. Auf Basis unserer internationalen Ortelium\u00ae Praxisbeispiele von Sydney bis Valpara\u00edso wollen wir zeigen, wie diese oft abstrakten Begriffe f\u00fcr Kommunen, Unternehmen und B\u00fcrger bereits heute mit Leben gef\u00fcllt werden und den urbanen Alltag im Miteinander verbessern\u00a0helfen.<\/p>\n<p>Dazu laden wir Sie im Rahmen der Digitalen Woche Kiel am Mittwoch, den 20. September zwischen 16 und 19 Uhr in das Wissenschaftszentrum Kiel zu unserer Veranstaltung\u00a0&#8222;Kiel.Sensing.City? \u2013 Smartes Umweltmonitoring im Internet der Dinge&#8220; ein.<\/p>\n<p>Ortelium\u00ae ist ein dynamischer Atlas, der jedwede Daten, die einen Ort- und Zeitbezug haben in Echtzeit sammelt, visualisiert und auswertbar macht. Die Darstellung der Daten sowohl auf einer Karte als auch auf einer dynamischen Timeline erm\u00f6glicht es, Daten aus verschiedenen Datenkan\u00e4len (Mensch, IoT, M2M) sowohl \u00f6rtlich als auch zeitlich einfach in Bezug zu setzen. Die Verheiratung dieser Daten lassen neue Informationsqualit\u00e4ten entstehen und bieten eine situationsgenaue Grundlage fundierter\u00a0Entscheidungen.<\/p>\n<p>Lassen Sie uns gemeinsam um die Ecke denken. Welche Bausteine einer digitalen Stadt sind mit Ortelium\u00ae f\u00fcr Anwendungen z.B. in und f\u00fcr Kiel\u00a0bedeutsam?<\/p>\n<p><strong><a class=\"ext\" href=\"https:\/\/docs.google.com\/forms\/d\/e\/1FAIpQLSfFs2FjRpFRl2uyZDUSr3wg_APvTU4wjpEDsK_bI70vmYc23w\/viewform?usp=sf_link\" target=\"_blank\" rel=\"noopener noreferrer\">\u00dcber Ihre Anmeldung \u00fcber diesen\u00a0Link freuen wir uns\u00a0sehr.<\/a><\/strong><\/p>\n<p>&#8212;&#8212;<\/p>\n<p>During 16 and 23 September 2017, the City of Kiel is organizing the Digital Kiel\u00a0Week.<\/p>\n<p>Participants are invited to more than 200 innovative and inspiring lectures, workshops, discussions and networking sessions all around the topic of digitalization, held by stakeholders from economy, academia and\u00a0politics.<\/p>\n<p>On the basis of our international Ortelium\u00ae case studies from Sydney to Valpara\u00edso, we will show in an own event how environmental data intelligence can help to improve the urban everyday life of and among municpalities, industry and\u00a0citizens.<\/p>\n","protected":false},"excerpt":{"rendered":"Begriffe wie digitale Stadt, smart waste, smart environment, IoT und B\u00fcrgerbeteiligung sind schon heute in aller Munde. Auf Basis unserer internationalen Ortelium\u00ae Praxisbeispiele von Sydney bis Valpara\u00edso wollen wir zeigen, wie diese oft abstrakten Begriffe f\u00fcr Kommunen, Unternehmen und B\u00fcrger bereits heute mit Leben gef\u00fcllt werden und den urbanen Alltag im Miteinander verbessern\u00a0helfen. Dazu laden","protected":false},"author":5,"featured_media":3094,"comment_status":"closed","ping_status":"closed","sticky":false,"template":"","format":"standard","meta":{"_acf_changed":false,"footnotes":""},"categories":[2],"tags":[],"class_list":["post post-type-post post-view- post-scope-","status-publish","post-format-standard","has-post-thumbnail","category-uncategorized","clear"],"acf":[],"_links":{"self":[{"href":"https:\/\/www.olfasense.com\/de\/wp-json\/wp\/v2\/posts\/3093","targetHints":{"allow":["GET"]}}],"collection":[{"href":"https:\/\/www.olfasense.com\/de\/wp-json\/wp\/v2\/posts"}],"about":[{"href":"https:\/\/www.olfasense.com\/de\/wp-json\/wp\/v2\/types\/post"}],"author":[{"embeddable":true,"href":"https:\/\/www.olfasense.com\/de\/wp-json\/wp\/v2\/users\/5"}],"replies":[{"embeddable":true,"href":"https:\/\/www.olfasense.com\/de\/wp-json\/wp\/v2\/comments?post=3093"}],"version-history":[{"count":1,"href":"https:\/\/www.olfasense.com\/de\/wp-json\/wp\/v2\/posts\/3093\/revisions"}],"predecessor-version":[{"id":3101,"href":"https:\/\/www.olfasense.com\/de\/wp-json\/wp\/v2\/posts\/3093\/revisions\/3101"}],"wp:featuredmedia":[{"embeddable":true,"href":"https:\/\/www.olfasense.com\/de\/wp-json\/wp\/v2\/media\/3094"}],"wp:attachment":[{"href":"https:\/\/www.olfasense.com\/de\/wp-json\/wp\/v2\/media?parent=3093"}],"wp:term":[{"taxonomy":"category","embeddable":true,"href":"https:\/\/www.olfasense.com\/de\/wp-json\/wp\/v2\/categories?post=3093"},{"taxonomy":"post_tag","embeddable":true,"href":"https:\/\/www.olfasense.com\/de\/wp-json\/wp\/v2\/tags?post=3093"}],"curies":[{"name":"wp","href":"https:\/\/api.w.org\/{rel}","templated":true}]}}