{"id":23289,"date":"2024-04-25T09:11:35","date_gmt":"2024-04-25T07:11:35","guid":{"rendered":"https:\/\/www.olfasense.com\/?p=23289"},"modified":"2024-04-25T09:11:54","modified_gmt":"2024-04-25T07:11:54","slug":"innenraumluft-2024","status":"publish","type":"post","link":"https:\/\/www.olfasense.com\/de\/2024\/04\/innenraumluft-2024\/","title":{"rendered":"Olfasense Poster Session auf der Fachtagung Innenraumluft 2024"},"content":{"rendered":"<p>Vom<strong> 6. bis 8. Mai 2024<\/strong> veranstaltet das Umweltbundesamt (UBA) gemeinsam mit dem Ausschuss f\u00fcr Innenraumrichtwerte (AIR) und der Arbeitsgemeinschaft \u00f6kologischer Forschungsinstitute e. V. (AG\u00d6F e. V.) die Fachtagung <strong>&#8222;Innenraumluft 2024 &#8211; Messen, Bewerten und Gesundes Wohnen&#8220;<\/strong>.<\/p>\n<p>Das Tagungsprogramm umfasst Themen wie Bewertung von Luftschadstoffen, Bauprodukte, Ger\u00fcche und Sensortechnik.<\/p>\n<p>Unsere Geruchsexpertin Frau Alina Beier wird im Rahmen einer Poster Session ein Forschungsprojekt zum Thema<strong> &#8222;Entwicklung eines Geruchsrads f\u00fcr typische Innenraumger\u00fcche&#8220;<\/strong> vorstellen.<\/p>\n<p>Weitere Informationen zur Veranstaltung finden Sie unter <a href=\"https:\/\/www.umweltbundesamt.de\/innenraumluft-2024\">umweltbundesamt.de\/innenraumluft-2024<\/a><\/p>\n<p>Leider ist die Fachtagung Innenraumluft 2024 bereits ausgebucht. Wenn Sie nicht dabei sein k\u00f6nnen und mehr \u00fcber unsere Geruchsmessungen in Innenr\u00e4umen erfahren m\u00f6chten, schreiben Sie uns gerne eine E-Mail an <a href=\"mailto:pm@olfasense.com\">pm@olfasense.com<\/a>.<\/p>\n","protected":false},"excerpt":{"rendered":"Vom 6. bis 8. Mai 2024 veranstaltet das Umweltbundesamt (UBA) gemeinsam mit dem Ausschuss f\u00fcr Innenraumrichtwerte (AIR) und der Arbeitsgemeinschaft \u00f6kologischer Forschungsinstitute e. V. (AG\u00d6F e. V.) die Fachtagung &#8222;Innenraumluft 2024 &#8211; Messen, Bewerten und Gesundes Wohnen&#8220;. Das Tagungsprogramm umfasst Themen wie Bewertung von Luftschadstoffen, Bauprodukte, Ger\u00fcche und Sensortechnik. Unsere Geruchsexpertin Frau Alina Beier wird","protected":false},"author":5,"featured_media":23290,"comment_status":"closed","ping_status":"closed","sticky":false,"template":"","format":"standard","meta":{"_acf_changed":false,"footnotes":""},"categories":[1],"tags":[],"class_list":["post post-type-post post-view- post-scope-","status-publish","post-format-standard","has-post-thumbnail","category-unkategorisiert","clear"],"acf":[],"_links":{"self":[{"href":"https:\/\/www.olfasense.com\/de\/wp-json\/wp\/v2\/posts\/23289","targetHints":{"allow":["GET"]}}],"collection":[{"href":"https:\/\/www.olfasense.com\/de\/wp-json\/wp\/v2\/posts"}],"about":[{"href":"https:\/\/www.olfasense.com\/de\/wp-json\/wp\/v2\/types\/post"}],"author":[{"embeddable":true,"href":"https:\/\/www.olfasense.com\/de\/wp-json\/wp\/v2\/users\/5"}],"replies":[{"embeddable":true,"href":"https:\/\/www.olfasense.com\/de\/wp-json\/wp\/v2\/comments?post=23289"}],"version-history":[{"count":1,"href":"https:\/\/www.olfasense.com\/de\/wp-json\/wp\/v2\/posts\/23289\/revisions"}],"predecessor-version":[{"id":23296,"href":"https:\/\/www.olfasense.com\/de\/wp-json\/wp\/v2\/posts\/23289\/revisions\/23296"}],"wp:featuredmedia":[{"embeddable":true,"href":"https:\/\/www.olfasense.com\/de\/wp-json\/wp\/v2\/media\/23290"}],"wp:attachment":[{"href":"https:\/\/www.olfasense.com\/de\/wp-json\/wp\/v2\/media?parent=23289"}],"wp:term":[{"taxonomy":"category","embeddable":true,"href":"https:\/\/www.olfasense.com\/de\/wp-json\/wp\/v2\/categories?post=23289"},{"taxonomy":"post_tag","embeddable":true,"href":"https:\/\/www.olfasense.com\/de\/wp-json\/wp\/v2\/tags?post=23289"}],"curies":[{"name":"wp","href":"https:\/\/api.w.org\/{rel}","templated":true}]}}