{"id":22699,"date":"2023-12-08T12:34:44","date_gmt":"2023-12-08T11:34:44","guid":{"rendered":"https:\/\/www.olfasense.com\/?p=22699"},"modified":"2023-12-08T12:46:48","modified_gmt":"2023-12-08T11:46:48","slug":"erfolgreiches-webinar-geruchsmanagement","status":"publish","type":"post","link":"https:\/\/www.olfasense.com\/de\/2023\/12\/erfolgreiches-webinar-geruchsmanagement\/","title":{"rendered":"Erfolgreiches Webinar zum Thema &#8222;Ganzheitliches Geruchsmanagement&#8220;"},"content":{"rendered":"<p class=\"first-paragraph\">Wir m\u00f6chten uns herzlich bei den \u00fcber 200 Interessierten bedanken, die sich f\u00fcr unser Live-Webinar zum Thema Ganzheitliches Geruchsmanagement angemeldet haben. Leider konnte Bettina Mannebeck krankheitsbedingt nicht teilnehmen, aber Dietmar Mannebeck sprang kurzfristig ein und \u00fcbernahm den Vortrag mit Routine.<\/p>\n<p>In seiner Pr\u00e4sentation nahm uns Dietmar mit auf eine Reise durch die (evolutive) Bedeutung des Geruchssinns und zeigte auf, warum bestimmte Substanzen im Umweltbereich unangenehme Geruchswahrnehmungen hervorrufen k\u00f6nnen. Im Anschluss erl\u00e4uterte er, wie diese Geruchswahrnehmungen zu Geruchsbel\u00e4stigungen f\u00fchren k\u00f6nnen und dass f\u00fcr ein ganzheitliches Geruchsmanagement die Bestimmung einer Geruchsbelastung unerl\u00e4sslich ist. Er stellte die M\u00f6glichkeiten vor, die die TA Luft daf\u00fcr bietet. Er betonte dabei auch die Bedeutung des Beschwerdemanagements und stellte die Vorteile digitaler Tools vor.<\/p>\n<p>In einer Umfrage, die nach dem Vortrag durchgef\u00fchrt wurde, gaben 81% der Antwortenden an, dass sie sich vorstellen k\u00f6nnten, digitale Tools beim Geruchsmanagement zu nutzen. Fast 8% w\u00fcrden solche Tools sogar bereits aktiv nutzen.<\/p>\n<p>Im Anschluss daran pr\u00e4sentierte Kathrin Kwiatkowski vom LANUV NRW ein Fallbeispiel zum erfolgreichen Umgang mit Geruchsbeschwerden. Bei dem vorgestellten Projekt in Nordrhein-Westfalen wurden B\u00fcrgerbeschwerden systematisch ausgewertet und die digitale <a href=\"https:\/\/www.olfasense.com\/de\/instrument\/ortelium-beschwerdemanagement\/#backtracking-option\">Ortelium Plattform zur R\u00fcckrechnung auf den m\u00f6glichen Ursprungsort<\/a> der gemeldeten Geruchswahrnehmungen genutzt. Diese Ma\u00dfnahmen f\u00fchrte zu einer wahrnehmbaren, positiven Entwicklung der Beschwerdelage. <em><\/em><\/p>\n<p style=\"padding-left: 40px;\"><em><a href=\"https:\/\/www.olfasense.com\/de\/2023\/02\/ortelium-geruchsbeschwerden-huerth\/\" class=\"more-link\">Weitere Informationen zu dem Projekt<\/a><\/em><\/p>\n<p>Abschlie\u00dfend gab Carsten Beyen von DESOTEC Einblicke in die Geruchsbehandlung mit mobilen Filtern und stellte einige Fallstudien vor.<\/p>\n<p>Wir hoffen, dass die Veranstaltung f\u00fcr Sie alle erkenntnisreich war und eine gute Grundlage f\u00fcr weiterf\u00fchrende Diskussionen bietet. Falls Sie nicht teilnehmen konnten oder weitere Fragen haben, freuen sich unsere Geruchsexperten \u00fcber Ihre Kontaktaufnahme via <a href=\"mailto:envi@olfasense.com\">envi@olfasense.com<\/a>.<\/p>\n<p>Wir m\u00f6chten uns auch bei Louisa Edokpayi und dem DESOTEC-Team sowie bei Kathrin Kwiatkowski vom LANUV bedanken. Es war uns erneut eine Freude, diese gelungene Veranstaltung mit euch zu organisieren.<\/p>\n","protected":false},"excerpt":{"rendered":"Wir m\u00f6chten uns herzlich bei den \u00fcber 200 Interessierten bedanken, die sich f\u00fcr unser Live-Webinar zum Thema Ganzheitliches Geruchsmanagement angemeldet haben. Leider konnte Bettina Mannebeck krankheitsbedingt nicht teilnehmen, aber Dietmar Mannebeck sprang kurzfristig ein und \u00fcbernahm den Vortrag mit Routine. In seiner Pr\u00e4sentation nahm uns Dietmar mit auf eine Reise durch die (evolutive) Bedeutung des","protected":false},"author":5,"featured_media":22700,"comment_status":"closed","ping_status":"closed","sticky":false,"template":"","format":"standard","meta":{"_acf_changed":false,"footnotes":""},"categories":[1],"tags":[],"class_list":["post post-type-post post-view- post-scope-","status-publish","post-format-standard","has-post-thumbnail","category-unkategorisiert","clear"],"acf":[],"_links":{"self":[{"href":"https:\/\/www.olfasense.com\/de\/wp-json\/wp\/v2\/posts\/22699","targetHints":{"allow":["GET"]}}],"collection":[{"href":"https:\/\/www.olfasense.com\/de\/wp-json\/wp\/v2\/posts"}],"about":[{"href":"https:\/\/www.olfasense.com\/de\/wp-json\/wp\/v2\/types\/post"}],"author":[{"embeddable":true,"href":"https:\/\/www.olfasense.com\/de\/wp-json\/wp\/v2\/users\/5"}],"replies":[{"embeddable":true,"href":"https:\/\/www.olfasense.com\/de\/wp-json\/wp\/v2\/comments?post=22699"}],"version-history":[{"count":4,"href":"https:\/\/www.olfasense.com\/de\/wp-json\/wp\/v2\/posts\/22699\/revisions"}],"predecessor-version":[{"id":22715,"href":"https:\/\/www.olfasense.com\/de\/wp-json\/wp\/v2\/posts\/22699\/revisions\/22715"}],"wp:featuredmedia":[{"embeddable":true,"href":"https:\/\/www.olfasense.com\/de\/wp-json\/wp\/v2\/media\/22700"}],"wp:attachment":[{"href":"https:\/\/www.olfasense.com\/de\/wp-json\/wp\/v2\/media?parent=22699"}],"wp:term":[{"taxonomy":"category","embeddable":true,"href":"https:\/\/www.olfasense.com\/de\/wp-json\/wp\/v2\/categories?post=22699"},{"taxonomy":"post_tag","embeddable":true,"href":"https:\/\/www.olfasense.com\/de\/wp-json\/wp\/v2\/tags?post=22699"}],"curies":[{"name":"wp","href":"https:\/\/api.w.org\/{rel}","templated":true}]}}