{"id":22645,"date":"2023-11-22T09:40:34","date_gmt":"2023-11-22T08:40:34","guid":{"rendered":"https:\/\/www.olfasense.com\/?p=22645"},"modified":"2023-11-23T10:51:16","modified_gmt":"2023-11-23T09:51:16","slug":"webinar-geruchsmanagement","status":"publish","type":"post","link":"https:\/\/www.olfasense.com\/de\/2023\/11\/webinar-geruchsmanagement\/","title":{"rendered":"Kostenloses Webinar zum Thema &#8222;Ganzheitliches Geruchsmanagement&#8220; am 6. Dezember"},"content":{"rendered":"<p class=\"first-paragraph\">Das gestiegene gesellschaftliche Nachhaltigkeitsbewusstsein und strengere gesetzliche Vorgaben zu Geruchsemissionen in der TA-Luft fordern von Unternehmen ein effektives und sinnvolles Geruchsmanagement sowie verst\u00e4rkte Bem\u00fchungen, M\u00f6glichkeiten f\u00fcr die \u00d6ffentlichkeit zu schaffen, ihre Anliegen in Bezug auf Geruchsbel\u00e4stigungen zu \u00e4u\u00dfern.<\/p>\n<p>Genau dar\u00fcber spricht unsere Olfasense Gesch\u00e4ftsf\u00fchrerin und Geruchsexpertin Bettina Mannebeck mit den Experten f\u00fcr Filtrationsl\u00f6sungen von DESOTEC und Kathrin Kwiatkowski vom LANUV NRW im gemeinsamen <strong>kostenlosen Live-Webinar: Ganzheitliches Geruchsmanagement<\/strong>.<\/p>\n<p style=\"padding-left: 40px;\"><strong>\ud83d\udd51 Mittwoch, 6. Dezember 2023 &#8211; 10:30 bis 12:00 Uhr<\/strong><\/p>\n<p>Im Webinar diskutieren wir die Ursachen von Geruchsbel\u00e4stigungen sowie Ans\u00e4tze f\u00fcr ein souver\u00e4nes Beschwerdemanagement und stellen Strategien zur Geruchskontrolle und Geruchsabscheidung vor &#8211; praktisch dargestellt an Fallbeispielen von DESOTEC und dem LANUV NRW.<\/p>\n<p>Die Anmeldung ist \u00fcber die DESOTEC Webseite m\u00f6glich: <a href=\"https:\/\/www2.desotec.com\/webinar_live\/de\/geruch_olfasense\">Live-Webinar: Ganzheitliches Geruchsmanagement<\/a><\/p>\n<p>Wir freuen uns auf Ihre Teilnahme! Sollten Sie am 6. Dezember verhindert sein, freuen wir uns \u00fcber Ihre Kontaktaufnahme via <a href=\"mailto:team-gruen@olfasense.com\">team-gruen@olfasense.com<\/a> um Ihre Fragen rund um das Thema Geruchsermittlung und Geruchsmanagement nach TA-Luft zu beantworten.<\/p>\n<p>\u00dcbrigens gibt es auch noch freie Pl\u00e4tze beim <strong><a href=\"https:\/\/www.vdi-wissensforum.de\/weiterbildung-umwelttechnik\/spezialtag-gerueche\/\">VDI Spezialtag &#8222;Beschwerde-\/Konfliktmanagement im Immissionsschutz am Beispiel Geruch&#8220;<\/a><\/strong>.<\/p>\n<p>Dieser findet bereits am <strong>1. Dezember 2023 in Leipzig<\/strong> im Rahmen der <a href=\"https:\/\/www.vdi-wissensforum.de\/weiterbildung-umwelttechnik\/gerueche-in-der-umwelt\/\">10. VDI-Tagung &#8222;Ger\u00fcche in der Umwelt&#8220;<\/a> statt.<\/p>\n<p>Begleitet von unseren Geruchsexpertinnen Bettina Mannebeck und Dr. Heike Hauschildt erhalten Sie Einblicke in die objektive Bewertung von Geruchsimmissionen. Zudem werden anhand konkreter Fallbeispiele Kommunikationsmethoden zur Einbindung der Anwohner in den L\u00f6sungsprozess er\u00f6rtert.<\/p>\n<p>Melden Sie sich noch heute f\u00fcr diese Veranstaltung an. Sie haben auch die M\u00f6glichkeit, zu einem verg\u00fcnstigten Kombipreis an der Tagung und dem Spezialtag teilzunehmen.<\/p>\n","protected":false},"excerpt":{"rendered":"Das gestiegene gesellschaftliche Nachhaltigkeitsbewusstsein und strengere gesetzliche Vorgaben zu Geruchsemissionen in der TA-Luft fordern von Unternehmen ein effektives und sinnvolles Geruchsmanagement sowie verst\u00e4rkte Bem\u00fchungen, M\u00f6glichkeiten f\u00fcr die \u00d6ffentlichkeit zu schaffen, ihre Anliegen in Bezug auf Geruchsbel\u00e4stigungen zu \u00e4u\u00dfern. Genau dar\u00fcber spricht unsere Olfasense Gesch\u00e4ftsf\u00fchrerin und Geruchsexpertin Bettina Mannebeck mit den Experten f\u00fcr Filtrationsl\u00f6sungen von DESOTEC","protected":false},"author":5,"featured_media":22653,"comment_status":"closed","ping_status":"closed","sticky":false,"template":"","format":"standard","meta":{"_acf_changed":false,"footnotes":""},"categories":[1],"tags":[],"class_list":["post post-type-post post-view- post-scope-","status-publish","post-format-standard","has-post-thumbnail","category-unkategorisiert","clear"],"acf":[],"_links":{"self":[{"href":"https:\/\/www.olfasense.com\/de\/wp-json\/wp\/v2\/posts\/22645","targetHints":{"allow":["GET"]}}],"collection":[{"href":"https:\/\/www.olfasense.com\/de\/wp-json\/wp\/v2\/posts"}],"about":[{"href":"https:\/\/www.olfasense.com\/de\/wp-json\/wp\/v2\/types\/post"}],"author":[{"embeddable":true,"href":"https:\/\/www.olfasense.com\/de\/wp-json\/wp\/v2\/users\/5"}],"replies":[{"embeddable":true,"href":"https:\/\/www.olfasense.com\/de\/wp-json\/wp\/v2\/comments?post=22645"}],"version-history":[{"count":2,"href":"https:\/\/www.olfasense.com\/de\/wp-json\/wp\/v2\/posts\/22645\/revisions"}],"predecessor-version":[{"id":22663,"href":"https:\/\/www.olfasense.com\/de\/wp-json\/wp\/v2\/posts\/22645\/revisions\/22663"}],"wp:featuredmedia":[{"embeddable":true,"href":"https:\/\/www.olfasense.com\/de\/wp-json\/wp\/v2\/media\/22653"}],"wp:attachment":[{"href":"https:\/\/www.olfasense.com\/de\/wp-json\/wp\/v2\/media?parent=22645"}],"wp:term":[{"taxonomy":"category","embeddable":true,"href":"https:\/\/www.olfasense.com\/de\/wp-json\/wp\/v2\/categories?post=22645"},{"taxonomy":"post_tag","embeddable":true,"href":"https:\/\/www.olfasense.com\/de\/wp-json\/wp\/v2\/tags?post=22645"}],"curies":[{"name":"wp","href":"https:\/\/api.w.org\/{rel}","templated":true}]}}