{"id":22496,"date":"2023-10-10T17:06:56","date_gmt":"2023-10-10T15:06:56","guid":{"rendered":"https:\/\/www.olfasense.com\/2023\/10\/thanks-enviromanagement\/"},"modified":"2023-10-10T17:13:22","modified_gmt":"2023-10-10T15:13:22","slug":"danke-enviromanagement","status":"publish","type":"post","link":"https:\/\/www.olfasense.com\/de\/2023\/10\/danke-enviromanagement\/","title":{"rendered":"Vielen Dank f\u00fcr Ihre Teilnahme an der ENVIROMANAGEMENT 2023"},"content":{"rendered":"<p class=\"first-paragraph\">Am 2. und 3. Oktober nahmen unsere Geruchsexperten Bettina Mannebeck und Dietmar Mannebeck an der 13. internationalen Expertenkonferenz <a href=\"https:\/\/nmc.sk\/en\/enviro2023\/\">ENVIROMANAGEMENT 2023<\/a> teil.<\/p>\n<p>Es waren \u00fcber 100 Teilnehmer aus \u00fcber 10 verschiedenen L\u00e4ndern, neben der Slowakei und \u00d6sterreich auch Lettland, Litauen, Estland, Deutschland, England, Tschechien und Rum\u00e4nien.<\/p>\n<p>Es wurden an 1,5 Tagen spannende Vortr\u00e4ge \u00fcber die Erfassung unterschiedlichster Daten des Abfallsektors pr\u00e4sentiert. Auch der Olfasense-Vortrag \u00fcber die Anforderungen an Geruchsmessungen, die M\u00f6glichkeiten der Geruchsprognose und die Bewertung von Geruchsbeschwerden wurde mit Interesse verfolgt.<\/p>\n<p>Die Besichtigung einer Kompostierungsanlage am Fu\u00dfe der Hohen Tatra zeigte ein gutes Projekt zur lokalen Verwertung des Bioabfalls. Das Programm wurde durch die besondere Location in der Hohen Tatra mit einem gem\u00fctlichen, traditionellen Abend abgerundet.<\/p>\n<p>Wir danken den Veranstaltern f\u00fcr die Zusammenstellung des interessanten und abwechslungsreichen Programmes und die M\u00f6glichkeit, die Thematik des Geruchsmanagements vor den unterschiedlichen Teilnehmergruppen zu pr\u00e4sentieren.<\/p>\n<p>Wenn Sie nicht an der Veranstaltung teilnehmen konnten und\/oder mehr \u00fcber unsere L\u00f6sungen zur Bew\u00e4ltigung von Geruchsproblemen, wie z. B. unsere <a href=\"https:\/\/www.olfasense.com\/de\/geraete-geruchslabore\/#instrument_category-softwareprodukte\" target=\"_blank\" rel=\"noopener\">innovative Ortelium Plattform<\/a>, erfahren m\u00f6chten, k\u00f6nnen Sie sich gerne an unsere Experten unter <a href=\"mailto:team-gruen@olfasense.com\">team-gruen@olfasense.com<\/a> wenden.<\/p>\n","protected":false},"excerpt":{"rendered":"Am 2. und 3. Oktober nahmen unsere Geruchsexperten Bettina Mannebeck und Dietmar Mannebeck an der 13. internationalen Expertenkonferenz ENVIROMANAGEMENT 2023 teil. Es waren \u00fcber 100 Teilnehmer aus \u00fcber 10 verschiedenen L\u00e4ndern, neben der Slowakei und \u00d6sterreich auch Lettland, Litauen, Estland, Deutschland, England, Tschechien und Rum\u00e4nien. Es wurden an 1,5 Tagen spannende Vortr\u00e4ge \u00fcber die Erfassung","protected":false},"author":5,"featured_media":22490,"comment_status":"closed","ping_status":"closed","sticky":false,"template":"","format":"standard","meta":{"_acf_changed":false,"footnotes":""},"categories":[1],"tags":[],"class_list":["post post-type-post post-view- post-scope-","status-publish","post-format-standard","has-post-thumbnail","category-unkategorisiert","clear"],"acf":[],"_links":{"self":[{"href":"https:\/\/www.olfasense.com\/de\/wp-json\/wp\/v2\/posts\/22496","targetHints":{"allow":["GET"]}}],"collection":[{"href":"https:\/\/www.olfasense.com\/de\/wp-json\/wp\/v2\/posts"}],"about":[{"href":"https:\/\/www.olfasense.com\/de\/wp-json\/wp\/v2\/types\/post"}],"author":[{"embeddable":true,"href":"https:\/\/www.olfasense.com\/de\/wp-json\/wp\/v2\/users\/5"}],"replies":[{"embeddable":true,"href":"https:\/\/www.olfasense.com\/de\/wp-json\/wp\/v2\/comments?post=22496"}],"version-history":[{"count":3,"href":"https:\/\/www.olfasense.com\/de\/wp-json\/wp\/v2\/posts\/22496\/revisions"}],"predecessor-version":[{"id":22499,"href":"https:\/\/www.olfasense.com\/de\/wp-json\/wp\/v2\/posts\/22496\/revisions\/22499"}],"wp:featuredmedia":[{"embeddable":true,"href":"https:\/\/www.olfasense.com\/de\/wp-json\/wp\/v2\/media\/22490"}],"wp:attachment":[{"href":"https:\/\/www.olfasense.com\/de\/wp-json\/wp\/v2\/media?parent=22496"}],"wp:term":[{"taxonomy":"category","embeddable":true,"href":"https:\/\/www.olfasense.com\/de\/wp-json\/wp\/v2\/categories?post=22496"},{"taxonomy":"post_tag","embeddable":true,"href":"https:\/\/www.olfasense.com\/de\/wp-json\/wp\/v2\/tags?post=22496"}],"curies":[{"name":"wp","href":"https:\/\/api.w.org\/{rel}","templated":true}]}}