{"id":22454,"date":"2023-09-05T14:13:05","date_gmt":"2023-09-05T12:13:05","guid":{"rendered":"https:\/\/www.olfasense.com\/?p=22454"},"modified":"2023-09-05T14:13:05","modified_gmt":"2023-09-05T12:13:05","slug":"vdi-gerueche-umwelt","status":"publish","type":"post","link":"https:\/\/www.olfasense.com\/de\/2023\/09\/vdi-gerueche-umwelt\/","title":{"rendered":"Treffen Sie die Olfasense GmbH auf der 10. VDI Tagung &#8222;Ger\u00fcche in der Umwelt&#8220;"},"content":{"rendered":"<p class=\"first-paragraph\">Vom 29. \u2013 30. November 2023 veranstaltet das VDI Wissensforum die <strong>10. Tagung &#8222;Ger\u00fcche in der Umwelt&#8220;<\/strong> in Leipzig.<\/p>\n<p>Das Tagungsprogramm umfasst Fachvortr\u00e4ge zu aktuellen Entwicklungen, Problemstellungen und L\u00f6sungsans\u00e4tzen in der Geruchsermittlung, -bewertung und -minderung. Ein besonderer Fokus liegt in diesem Jahr auf den Auswirkungen der aktualisierten TA Luft.<\/p>\n<p>Auch unser Team ist vor Ort und freut sich auf den Austausch mit anderen Fachleuten aus Industrie, Beh\u00f6rden, Messinstituten und der Forschung.<\/p>\n<p>Erg\u00e4nzend zur Tagung widmet sich am 1. Dezember 2023 ein <strong>VDI Spezialtag dem Thema &#8222;Beschwerde-\/Konfliktmanagement im Immissionsschutz am Beispiel Geruch&#8220;<\/strong>.<\/p>\n<p>Unsere Geruchsexpertinnen Bettina Mannebeck und Dr. Heike Hauschildt begleiten Sie durch den Tag und zeigen, wie Geruchsimmissionen objektiv eingesch\u00e4tzt und bewertet werden k\u00f6nnen. Au\u00dferdem er\u00f6rtern sie anhand konkreter Fallbeispiele Kommunikationsmethoden zur Einbindung der Anwohner in den L\u00f6sungsprozess.<\/p>\n<p>Sie k\u00f6nnen sich \u00fcber die folgenden Links f\u00fcr die Veranstaltung anmelden. Eine Teilnahme an der Tagung inklusive des Spezialtags ist zu einem verg\u00fcnstigten Kombipreis m\u00f6glich.<\/p>\n<p style=\"text-align: center;\"><a href=\"https:\/\/www.vdi-wissensforum.de\/weiterbildung-umwelttechnik\/gerueche-in-der-umwelt\/\" class=\"btn\">10. Tagung &#8222;Ger\u00fcche in der Umwelt&#8220;<\/a><\/p>\n<p style=\"text-align: center;\"><a href=\"https:\/\/www.vdi-wissensforum.de\/weiterbildung-umwelttechnik\/spezialtag-gerueche\/\" class=\"btn\">Spezialtag &#8211; Beschwerdemanagement<\/a><\/p>\n<p>Wir freuen uns darauf, uns mit Ihnen zum Thema Geruch in Leipzig auszutauschen. Um mehr zu erfahren, sprechen Sie uns gerne \u00fcber <a href=\"mailto:team-gruen@olfasense.com\">team-gruen@olfasense.com<\/a> an.<\/p>\n","protected":false},"excerpt":{"rendered":"Vom 29. \u2013 30. November 2023 veranstaltet das VDI Wissensforum die 10. Tagung &#8222;Ger\u00fcche in der Umwelt&#8220; in Leipzig. Das Tagungsprogramm umfasst Fachvortr\u00e4ge zu aktuellen Entwicklungen, Problemstellungen und L\u00f6sungsans\u00e4tzen in der Geruchsermittlung, -bewertung und -minderung. Ein besonderer Fokus liegt in diesem Jahr auf den Auswirkungen der aktualisierten TA Luft. Auch unser Team ist vor Ort","protected":false},"author":5,"featured_media":22455,"comment_status":"closed","ping_status":"closed","sticky":false,"template":"","format":"standard","meta":{"_acf_changed":false,"footnotes":""},"categories":[1],"tags":[],"class_list":["post post-type-post post-view- post-scope-","status-publish","post-format-standard","has-post-thumbnail","category-unkategorisiert","clear"],"acf":[],"_links":{"self":[{"href":"https:\/\/www.olfasense.com\/de\/wp-json\/wp\/v2\/posts\/22454","targetHints":{"allow":["GET"]}}],"collection":[{"href":"https:\/\/www.olfasense.com\/de\/wp-json\/wp\/v2\/posts"}],"about":[{"href":"https:\/\/www.olfasense.com\/de\/wp-json\/wp\/v2\/types\/post"}],"author":[{"embeddable":true,"href":"https:\/\/www.olfasense.com\/de\/wp-json\/wp\/v2\/users\/5"}],"replies":[{"embeddable":true,"href":"https:\/\/www.olfasense.com\/de\/wp-json\/wp\/v2\/comments?post=22454"}],"version-history":[{"count":2,"href":"https:\/\/www.olfasense.com\/de\/wp-json\/wp\/v2\/posts\/22454\/revisions"}],"predecessor-version":[{"id":22462,"href":"https:\/\/www.olfasense.com\/de\/wp-json\/wp\/v2\/posts\/22454\/revisions\/22462"}],"wp:featuredmedia":[{"embeddable":true,"href":"https:\/\/www.olfasense.com\/de\/wp-json\/wp\/v2\/media\/22455"}],"wp:attachment":[{"href":"https:\/\/www.olfasense.com\/de\/wp-json\/wp\/v2\/media?parent=22454"}],"wp:term":[{"taxonomy":"category","embeddable":true,"href":"https:\/\/www.olfasense.com\/de\/wp-json\/wp\/v2\/categories?post=22454"},{"taxonomy":"post_tag","embeddable":true,"href":"https:\/\/www.olfasense.com\/de\/wp-json\/wp\/v2\/tags?post=22454"}],"curies":[{"name":"wp","href":"https:\/\/api.w.org\/{rel}","templated":true}]}}