{"id":21678,"date":"2023-04-11T15:49:53","date_gmt":"2023-04-11T13:49:53","guid":{"rendered":"https:\/\/www.olfasense.com\/?p=21678"},"modified":"2025-11-03T17:20:18","modified_gmt":"2025-11-03T16:20:18","slug":"stellanzeige-fachlich-verantwortlicher","status":"publish","type":"post","link":"https:\/\/www.olfasense.com\/de\/2023\/04\/stellanzeige-fachlich-verantwortlicher\/","title":{"rendered":"Fachlich Verantwortlicher (m\/w\/d) f\u00fcr Geruchsmessungen &#038; Ausbreitungsrechnungen"},"content":{"rendered":"<p class=\"_04xlpA direction-ltr align-start para-style-body\"><span class=\"S1PPyQ\">Die Olfasense GmbH ist eines der gr\u00f6\u00dften Pr\u00fcflabore f\u00fcr Ger\u00fcche in Europa. Dabei bewerten wir Umweltger\u00fcche aus Industrie, kommunalen Quellen und der Landwirtschaft, aber auch die geruchlichen Eigenschaften von Produkten und Materialien. Unser nach DIN EN ISO\/IEC 17025 akkreditiertes Geruchslabor ist auf sensorische Geruchsanalysen von Emissionen und Immissionen spezialisiert und wir erstellen Gutachten f\u00fcr Immissionen von Geruch, Staub und Schadstoffen. Dabei arbeiten wir mit Leidenschaft und Agilit\u00e4t. Wir zeichnen uns durch Kreativit\u00e4t und Innovationsgeist aus und bieten interessante, herausfordernde und abwechslungsreiche T\u00e4tigkeiten.<\/span><\/p>\n<p class=\"_04xlpA direction-ltr align-start para-style-body\"><span class=\"S1PPyQ\">Zur Verst\u00e4rkung unseres Umweltteams sucht Olfasense einen<\/span><strong><span class=\"S1PPyQ\"> fachlich Verantwortlichen (m\/w\/d) f\u00fcr Geruchsmessungen und Ausbreitungsrechnungen<\/span><\/strong><span class=\"S1PPyQ\"> f\u00fcr eine dauerhafte Festanstellung in unserem Unternehmen.<\/span><\/p>\n<p class=\"_04xlpA direction-ltr align-start para-style-body\"><strong><span class=\"S1PPyQ\">Was wir Dir bieten<\/span><\/strong><\/p>\n<ul>\n<li><span class=\"S1PPyQ\">Du kannst einen wesentlichen Beitrag zum Wachstum und Erfolg unseres Unternehmens leisten, das als einer der wichtigsten internationalen Player in seinem Fachgebiet anerkannt ist.<\/span><\/li>\n<li><span class=\"S1PPyQ\">Du wirst Teil eines einzigartigen Teams mit internationalem und branchen\u00fcbergreifendem Spitzenniveau, das sich durch Freundlichkeit, Leidenschaft, Kreativit\u00e4t, Innovationsgeist und Professionalit\u00e4t auszeichnet.<\/span><\/li>\n<li><span class=\"S1PPyQ\">Du wirst von erfahrenen Beratern von Olfasense unterst\u00fctzt und hast Zugriff auf das gesammelte Wissen des Unternehmens, das in 30 Jahren als spezialisierte Geruchsberater entwickelt wurde.<\/span><\/li>\n<\/ul>\n<p class=\"_04xlpA direction-ltr align-start para-style-body\"><strong><span class=\"S1PPyQ\">Job Beschreibung<\/span><\/strong><\/p>\n<p class=\"_04xlpA direction-ltr align-start para-style-body\"><span class=\"S1PPyQ\">Werde Fachfrau\/Fachmann f\u00fcr Ger\u00fcche in der Umwelt und weitere Schadstoffe und schaffe die Voraussetzungen\u2026<\/span><span class=\"S1PPyQ white-space-prewrap\"> <\/span><\/p>\n<ul>\n<li><span class=\"S1PPyQ\">f\u00fcr saubere Umgebungsluft, lebenswerte Nachbarschaften und Umweltschutz.<\/span><\/li>\n<li><span class=\"S1PPyQ\">um Unternehmen zu unterst\u00fctzen, ihre Emissionen auf ein gutes Ma\u00df zu verringern.<\/span><\/li>\n<li><span class=\"S1PPyQ\">f\u00fcr Verst\u00e4ndnis und Transparenz zwischen Industrieproduktion und Nachbarschaft.<\/span><\/li>\n<li><span class=\"S1PPyQ\">f\u00fcr Verbesserungsma\u00dfnahmen f\u00fcr die Wirkung von Unternehmen.<\/span><\/li>\n<li><span class=\"S1PPyQ\">um beh\u00f6rdliche Entscheidungen vorzubereiten.<\/span><\/li>\n<\/ul>\n<p class=\"_04xlpA direction-ltr align-start para-style-body\"><span class=\"S1PPyQ\">Betreue Prozesse von A bis Z<\/span><\/p>\n<ul>\n<li><span class=\"S1PPyQ\">Angebotserstellung und Datenabfrage beim Kunden<\/span><\/li>\n<li><span class=\"S1PPyQ\">Ortstermin zur Datenaufnahme<\/span><span class=\"S1PPyQ white-space-prewrap\"> <\/span><\/li>\n<li><span class=\"S1PPyQ\">Durchf\u00fchrung von Ausbreitungsrechnungen und Erstellung von Immissionsprognosen<\/span><\/li>\n<li><span class=\"S1PPyQ\">Durchf\u00fchrung von Emissions- und Immissionsmessungen als Teil eines kompetenten Teams<\/span><\/li>\n<li><span class=\"S1PPyQ\">Berichtserstellung und Abstimmung mit dem Kunden und der Beh\u00f6rde<\/span><\/li>\n<\/ul>\n<p class=\"_04xlpA direction-ltr align-start para-style-body\"><span class=\"S1PPyQ\">Denke gro\u00df! \u2013 Werde Leiter\/in einer Messstelle.<\/span><\/p>\n<ul>\n<li><span class=\"S1PPyQ\">Werde fachlich Verantwortliche:r f\u00fcr Emissions- und Immissionsmessungen <\/span>(Gruppe I.1 Stoffbereich O und Gruppe IV Stoffbereich O)<\/li>\n<li><span class=\"S1PPyQ\">Baue Dein Team f\u00fcr Geruchsmessungen in Emission und Immission auf.<\/span><\/li>\n<\/ul>\n<ul><\/ul>\n<p class=\"_04xlpA direction-ltr align-start para-style-body\"><span class=\"S1PPyQ\">Denke st\u00e4ndig neu! \u2013 Innovation ist unser st\u00e4ndiger Auftrag und schafft Abwechslung.<\/span><\/p>\n<p class=\"_04xlpA direction-ltr align-start para-style-body\"><strong><span class=\"S1PPyQ\">Qualifikationen<\/span><\/strong><\/p>\n<ul>\n<li><span class=\"S1PPyQ\">Abschluss eines Hochschulstudiums auf den Gebieten des Ingenieurwesens, der Chemie oder der Physik oder f\u00fcr die Aufgabenstellung entsprechend angemessen vergleichbar<\/span><\/li>\n<li><span class=\"S1PPyQ\">Mindestens drei Jahre Erfahrung im Bereich der Geruchsmessung sowie in der Ausbreitungsrechnung nach TA Luft und VDI 3783 Blatt 13<\/span><\/li>\n<li><span class=\"S1PPyQ\">Idealerweise erf\u00fcllst Du die Anforderungen der 41. BImSchV an einen fachlich Verantwortlichen f\u00fcr Geruchsmessungen<\/span><\/li>\n<\/ul>\n<p class=\"_04xlpA direction-ltr align-start para-style-body\"><strong><span class=\"S1PPyQ\">Fertigkeiten und F\u00e4higkeiten<\/span><\/strong><\/p>\n<ul>\n<li>Motivation zur Durchf\u00fchrung von Ausbreitungsrechnungen und Geruchsanalysen mit der Bereitschaft, in einem engagierten Team mitzuarbeiten<\/li>\n<li>Hohes Ma\u00df an Kundenorientierung, Organisation und Teamf\u00e4higkeit<\/li>\n<li>Bereitschaft zum Aufbau und zur Ausbildung eines jungen Teams f\u00fcr Ausbreitungsrechnung und Geruchsmessungen in Emission und Immission<\/li>\n<li>Erfahrung mit der Arbeit im Rahmen und mit der Pflege eines QM-Systems<\/li>\n<li>Berichterstellung nach dem Aufbau der VDI 4220 Blatt 2 sowie anderen Formaten nach Aufgabenstellung<\/li>\n<li>Sehr gute Deutsch- und gute Englischkenntnisse in Wort und Schrift und die F\u00e4higkeit, mit Mitarbeitern, Management und Kunden professionell zu kommunizieren<\/li>\n<\/ul>\n<p class=\"_04xlpA direction-ltr align-start para-style-body\"><strong><span class=\"S1PPyQ\">Weitere Ausk\u00fcnfte<\/span><\/strong><\/p>\n<ul>\n<li><span class=\"S1PPyQ\">Arbeitsort: Nordrhein-Westfalen oder Schleswig-Holstein mit einem gemeinsamen Arbeitsplatz als sozialen Bezugspunkt, inkl. der M\u00f6glichkeit zum mobilen Arbeiten<\/span><\/li>\n<li><span class=\"S1PPyQ\">Teamorientierte Arbeitszeit, um das Arbeitsumfeld gemeinsam flexibel zu gestalten<\/span><\/li>\n<li><span class=\"S1PPyQ\">Reisebereitschaft f\u00fcr Ortstermine und Messtouren<\/span><\/li>\n<li><span class=\"S1PPyQ\">Beginn der T\u00e4tigkeit: w\u00fcnschenswert innerhalb der n\u00e4chsten 3 Monate<\/span><span class=\"S1PPyQ white-space-prewrap\"> <\/span><\/li>\n<li><span class=\"S1PPyQ\">Dauer der Besch\u00e4ftigung: unbefristetes Arbeitsverh\u00e4ltnis<\/span><span class=\"S1PPyQ white-space-prewrap\"> <\/span><\/li>\n<li><span class=\"S1PPyQ\">Ansprechpartner\/in: Bettina Mannebeck<\/span><\/li>\n<\/ul>\n<p class=\"_04xlpA direction-ltr align-start para-style-body\"><strong><span class=\"S1PPyQ\">Wie Du Dich bewirbst<\/span><\/strong><\/p>\n<p class=\"_04xlpA direction-ltr align-start para-style-body\"><span class=\"S1PPyQ\">Um Dich f\u00fcr diese Stelle zu bewerben, sende bitte Deinen Lebenslauf und Dein Anschreiben bis sp\u00e4testens 31. Mai 2023, vorzugsweise per E-Mail an <a href=\"mailto:bewerbung@olfasense.com\">bewerbung@olfasense.com<\/a>. Gib bitte Deine Gehaltsvorstellungen, Deine gew\u00fcnschte Wochenarbeitszeit und Deinen fr\u00fchestm\u00f6glichen Eintrittstermin an.<\/span><\/p>\n","protected":false},"excerpt":{"rendered":"Die Olfasense GmbH ist eines der gr\u00f6\u00dften Pr\u00fcflabore f\u00fcr Ger\u00fcche in Europa. Dabei bewerten wir Umweltger\u00fcche aus Industrie, kommunalen Quellen und der Landwirtschaft, aber auch die geruchlichen Eigenschaften von Produkten und Materialien. Unser nach DIN EN ISO\/IEC 17025 akkreditiertes Geruchslabor ist auf sensorische Geruchsanalysen von Emissionen und Immissionen spezialisiert und wir erstellen Gutachten f\u00fcr Immissionen","protected":false},"author":5,"featured_media":21688,"comment_status":"closed","ping_status":"closed","sticky":false,"template":"","format":"standard","meta":{"_acf_changed":false,"footnotes":""},"categories":[1],"tags":[],"class_list":["post post-type-post post-view- post-scope-","status-publish","post-format-standard","has-post-thumbnail","category-unkategorisiert","clear"],"acf":[],"_links":{"self":[{"href":"https:\/\/www.olfasense.com\/de\/wp-json\/wp\/v2\/posts\/21678","targetHints":{"allow":["GET"]}}],"collection":[{"href":"https:\/\/www.olfasense.com\/de\/wp-json\/wp\/v2\/posts"}],"about":[{"href":"https:\/\/www.olfasense.com\/de\/wp-json\/wp\/v2\/types\/post"}],"author":[{"embeddable":true,"href":"https:\/\/www.olfasense.com\/de\/wp-json\/wp\/v2\/users\/5"}],"replies":[{"embeddable":true,"href":"https:\/\/www.olfasense.com\/de\/wp-json\/wp\/v2\/comments?post=21678"}],"version-history":[{"count":3,"href":"https:\/\/www.olfasense.com\/de\/wp-json\/wp\/v2\/posts\/21678\/revisions"}],"predecessor-version":[{"id":22619,"href":"https:\/\/www.olfasense.com\/de\/wp-json\/wp\/v2\/posts\/21678\/revisions\/22619"}],"wp:featuredmedia":[{"embeddable":true,"href":"https:\/\/www.olfasense.com\/de\/wp-json\/wp\/v2\/media\/21688"}],"wp:attachment":[{"href":"https:\/\/www.olfasense.com\/de\/wp-json\/wp\/v2\/media?parent=21678"}],"wp:term":[{"taxonomy":"category","embeddable":true,"href":"https:\/\/www.olfasense.com\/de\/wp-json\/wp\/v2\/categories?post=21678"},{"taxonomy":"post_tag","embeddable":true,"href":"https:\/\/www.olfasense.com\/de\/wp-json\/wp\/v2\/tags?post=21678"}],"curies":[{"name":"wp","href":"https:\/\/api.w.org\/{rel}","templated":true}]}}