{"id":21252,"date":"2023-01-25T10:24:35","date_gmt":"2023-01-25T09:24:35","guid":{"rendered":"https:\/\/www.olfasense.com\/?p=21252"},"modified":"2023-01-25T10:25:17","modified_gmt":"2023-01-25T09:25:17","slug":"messunsicherheit-olfaktometrie-en13725","status":"publish","type":"post","link":"https:\/\/www.olfasense.com\/de\/2023\/01\/messunsicherheit-olfaktometrie-en13725\/","title":{"rendered":"Gef\u00f6rdertes Projekt zur Messunsicherheitsberechnung f\u00fcr olfaktometrische Messungen nach DIN EN 13725:2022"},"content":{"rendered":"<p>In der im letzten Jahr in Kraft getretenen DIN EN 13725:2022 wurde unter anderem die Messunsicherheitsberechnung f\u00fcr olfaktometrische Messungen komplett neu aufgestellt.<\/p>\n<p>Da es hierzu bisher keine Messdaten oder Berechnungen gab, wurde im Januar initiiert durch die <em>VDI Arbeitsgruppe NA 134-03-10-05 UA Bestimmung der Geruchsstoffkonzentration mit dynamischer Olfaktometrie<\/em> eine Vergleichsmessung mit 12 notifizierten und akkreditierten Messstellen &#8211; darunter die Olfasense GmbH &#8211; durchgef\u00fchrt.<\/p>\n<p>Die Vergleichsmessungen werden gef\u00f6rdert durch die VDI\/DIN Kommission Reinhaltung der Luft (KRdL), Normenausschuss, mit dem F\u00f6rderkennzeichen FKZ: 372201I001.<\/p>\n<p>Jede Messstelle nahm 2 mal 5 Proben als Doppelbestimmung (also 20 Proben) in einer Kl\u00e4rschlammtrocknungshalle in Bottrop und transportierte diese im Anschluss in ihr eigenes Labor, wo die Proben am Folgetag olfaktometrisch analysiert wurden.<\/p>\n<p>F\u00fcr das Team der Olfasense GmbH war es ein spannendes Erlebnis, mit so vielen Geruchsspezialisten auf engstem Raum diese insgesamt 240 Proben zu ziehen.<\/p>\n<p>Herzlichen Dank noch einmal an das beteiligte Wasserwirtschaftsunternehmen, die Emschergenossenschaft f\u00fcr die Bereitschaft, die Messung zu erm\u00f6glichen. Jetzt sind wir gespannt auf die Auswertung und die Erkenntnisse, die wir daraus ziehen k\u00f6nnen.<\/p>\n<p>Ihre Fragen zum Projekt oder zu der neuen DIN EN 13725:2022 k\u00f6nnen Sie gerne an unsere Geruchsexpertin Bettina Mannebeck (<a href=\"mailto:bmannebeck@olfasense.com\">bmannebeck@olfasense.com<\/a>; +49 431 220120) richten, die auch Mitglied des genannten Normenausschusses ist.<\/p>\n","protected":false},"excerpt":{"rendered":"In der im letzten Jahr in Kraft getretenen DIN EN 13725:2022 wurde unter anderem die Messunsicherheitsberechnung f\u00fcr olfaktometrische Messungen komplett neu aufgestellt. Da es hierzu bisher keine Messdaten oder Berechnungen gab, wurde im Januar initiiert durch die VDI Arbeitsgruppe NA 134-03-10-05 UA Bestimmung der Geruchsstoffkonzentration mit dynamischer Olfaktometrie eine Vergleichsmessung mit 12 notifizierten und akkreditierten","protected":false},"author":5,"featured_media":21247,"comment_status":"closed","ping_status":"closed","sticky":false,"template":"","format":"standard","meta":{"_acf_changed":false,"footnotes":""},"categories":[1],"tags":[],"class_list":["post post-type-post post-view- post-scope-","status-publish","post-format-standard","has-post-thumbnail","category-unkategorisiert","clear"],"acf":[],"_links":{"self":[{"href":"https:\/\/www.olfasense.com\/de\/wp-json\/wp\/v2\/posts\/21252","targetHints":{"allow":["GET"]}}],"collection":[{"href":"https:\/\/www.olfasense.com\/de\/wp-json\/wp\/v2\/posts"}],"about":[{"href":"https:\/\/www.olfasense.com\/de\/wp-json\/wp\/v2\/types\/post"}],"author":[{"embeddable":true,"href":"https:\/\/www.olfasense.com\/de\/wp-json\/wp\/v2\/users\/5"}],"replies":[{"embeddable":true,"href":"https:\/\/www.olfasense.com\/de\/wp-json\/wp\/v2\/comments?post=21252"}],"version-history":[{"count":1,"href":"https:\/\/www.olfasense.com\/de\/wp-json\/wp\/v2\/posts\/21252\/revisions"}],"predecessor-version":[{"id":21253,"href":"https:\/\/www.olfasense.com\/de\/wp-json\/wp\/v2\/posts\/21252\/revisions\/21253"}],"wp:featuredmedia":[{"embeddable":true,"href":"https:\/\/www.olfasense.com\/de\/wp-json\/wp\/v2\/media\/21247"}],"wp:attachment":[{"href":"https:\/\/www.olfasense.com\/de\/wp-json\/wp\/v2\/media?parent=21252"}],"wp:term":[{"taxonomy":"category","embeddable":true,"href":"https:\/\/www.olfasense.com\/de\/wp-json\/wp\/v2\/categories?post=21252"},{"taxonomy":"post_tag","embeddable":true,"href":"https:\/\/www.olfasense.com\/de\/wp-json\/wp\/v2\/tags?post=21252"}],"curies":[{"name":"wp","href":"https:\/\/api.w.org\/{rel}","templated":true}]}}