{"id":20987,"date":"2022-12-22T10:19:07","date_gmt":"2022-12-22T09:19:07","guid":{"rendered":"https:\/\/www.olfasense.com\/?p=20987"},"modified":"2022-12-22T10:19:48","modified_gmt":"2022-12-22T09:19:48","slug":"foerderung-izb-2022","status":"publish","type":"post","link":"https:\/\/www.olfasense.com\/de\/2022\/12\/foerderung-izb-2022\/","title":{"rendered":"Olfasense erhielt F\u00f6rderung f\u00fcr die IZB 2022"},"content":{"rendered":"<p>Das Ministerium f\u00fcr Wirtschaft, Verkehr, Arbeit, Technologie und Tourismus des Landes Schleswig-Holstein hat der Olfasense GmbH im Rahmen des Landesprogramms Wirtschaft 2014-2020 aus Mitteln des Europ\u00e4ischen Fonds f\u00fcr regionale Entwicklung (EFRE) nach Ma\u00dfgabe der \u201eRichtlinie f\u00fcr die Gew\u00e4hrung von Zuwendungen zur F\u00f6rderung der Internationalisierung von KMU und Markterschlie\u00dfung im Ausland\u201c eine Zuwendung zur Beteiligung mit einem Messestand auf der Internationalen Zuliefererb\u00f6rse 2022 (IZB 2022) zur Markterschlie\u00dfung bewilligt.<\/p>\n<p>Die IZB 2022 fand vom 11. &#8211; 13. Oktober 2022 in Wolfsburg statt.<\/p>\n<p>Olfasense konnte auf dem Event u.a. Verfahren in der sensorischen sowie molekularen Analytik und deren Anwendung bei Geruchsfragen im Bereich der Produkt-und Materialpr\u00fcfung, sowie Messinstrumenten, wie Emissionspr\u00fcfkammern, Probenahmeausr\u00fcstung und andere pr\u00e4sentieren. Dabei wurden potentielle Kunden aus der internationalen Automobil-Zuliefererindustrie (z.B. Kunststoffe, Textilien, Lacke, Leder) bei 50.000 Besuchern aus \u00fcber 30 L\u00e4ndern aus der ganzen Welt angesprochen.<\/p>\n<p>Weitere Informationen sind auf der Veranstaltungswebseite erh\u00e4ltlich: <a href=\"https:\/\/www.izb-online.com\">https:\/\/www.izb-online.com<\/a><\/p>\n","protected":false},"excerpt":{"rendered":"Das Ministerium f\u00fcr Wirtschaft, Verkehr, Arbeit, Technologie und Tourismus des Landes Schleswig-Holstein hat der Olfasense GmbH im Rahmen des Landesprogramms Wirtschaft 2014-2020 aus Mitteln des Europ\u00e4ischen Fonds f\u00fcr regionale Entwicklung (EFRE) nach Ma\u00dfgabe der \u201eRichtlinie f\u00fcr die Gew\u00e4hrung von Zuwendungen zur F\u00f6rderung der Internationalisierung von KMU und Markterschlie\u00dfung im Ausland\u201c eine Zuwendung zur Beteiligung mit","protected":false},"author":5,"featured_media":20909,"comment_status":"closed","ping_status":"closed","sticky":false,"template":"","format":"standard","meta":{"_acf_changed":false,"footnotes":""},"categories":[1],"tags":[],"class_list":["post post-type-post post-view- post-scope-","status-publish","post-format-standard","has-post-thumbnail","category-unkategorisiert","clear"],"acf":[],"_links":{"self":[{"href":"https:\/\/www.olfasense.com\/de\/wp-json\/wp\/v2\/posts\/20987","targetHints":{"allow":["GET"]}}],"collection":[{"href":"https:\/\/www.olfasense.com\/de\/wp-json\/wp\/v2\/posts"}],"about":[{"href":"https:\/\/www.olfasense.com\/de\/wp-json\/wp\/v2\/types\/post"}],"author":[{"embeddable":true,"href":"https:\/\/www.olfasense.com\/de\/wp-json\/wp\/v2\/users\/5"}],"replies":[{"embeddable":true,"href":"https:\/\/www.olfasense.com\/de\/wp-json\/wp\/v2\/comments?post=20987"}],"version-history":[{"count":2,"href":"https:\/\/www.olfasense.com\/de\/wp-json\/wp\/v2\/posts\/20987\/revisions"}],"predecessor-version":[{"id":20989,"href":"https:\/\/www.olfasense.com\/de\/wp-json\/wp\/v2\/posts\/20987\/revisions\/20989"}],"wp:featuredmedia":[{"embeddable":true,"href":"https:\/\/www.olfasense.com\/de\/wp-json\/wp\/v2\/media\/20909"}],"wp:attachment":[{"href":"https:\/\/www.olfasense.com\/de\/wp-json\/wp\/v2\/media?parent=20987"}],"wp:term":[{"taxonomy":"category","embeddable":true,"href":"https:\/\/www.olfasense.com\/de\/wp-json\/wp\/v2\/categories?post=20987"},{"taxonomy":"post_tag","embeddable":true,"href":"https:\/\/www.olfasense.com\/de\/wp-json\/wp\/v2\/tags?post=20987"}],"curies":[{"name":"wp","href":"https:\/\/api.w.org\/{rel}","templated":true}]}}