{"id":15276,"date":"2021-02-08T11:57:07","date_gmt":"2021-02-08T10:57:07","guid":{"rendered":"https:\/\/www.olfasense.com\/?p=15276"},"modified":"2021-02-08T11:58:20","modified_gmt":"2021-02-08T10:58:20","slug":"neue-antriebstechnik-des-luefterrades-fuer-die-olfasense-voc-emissionspruefkammer-ek1000","status":"publish","type":"post","link":"https:\/\/www.olfasense.com\/de\/2021\/02\/neue-antriebstechnik-des-luefterrades-fuer-die-olfasense-voc-emissionspruefkammer-ek1000\/","title":{"rendered":"Neue Antriebstechnik des L\u00fcfterrades f\u00fcr die Olfasense VOC Emissionspr\u00fcfkammer EK1000"},"content":{"rendered":"<h2>Ventilatordurchf\u00fchrung, f\u00fcr einen magnetisch angetriebenen Ventilator<\/h2>\n<p>Bei der <a href=\"https:\/\/www.olfasense.com\/de\/instrument\/voc-emissionspruefkammer-1000\/\" target=\"_blank\" rel=\"noopener noreferrer\">EK1000 Emissionspr\u00fcfkammer<\/a> freut sich Olfasense \u00fcber die Entwicklung einer neuen Ventilatordurchf\u00fchrung und eines magnetisch angetriebenen Ventilators.<\/p>\n<p>Herk\u00f6mmliche VOC Kammern haben h\u00e4ufig den Nachteil, dass der Antrieb des L\u00fcfterrades (Ventilator) in der Pr\u00fcfkammer durch eine sehr aufw\u00e4ndige Konstruktion erfolgt,\u00a0was im Wartungsfall erheblichen Zeitaufwand bedeutet. Das kann zu unangenehmen Ausfallzeiten der Labornutzung f\u00fchren. Zudem k\u00f6nnen sich h\u00e4ufig verbaute Kunst- und Schmierstoffe negativ auf die Hintergrundkonzentration der Pr\u00fcfkammer auswirken.<\/p>\n<p>Beide Aufgabenstellungen l\u00f6st die neuerliche Entwicklung.<\/p>\n<p>Hierbei waren die Lagerung der Antriebswelle und deren druckdichte inerte Abdichtung in der R\u00fcckwand eine besondere Herausforderung in der Konstruktion.<\/p>\n<p>Kernst\u00fcck hierbei ist eine magnetische Kraft\u00fcbertragung von der au\u00dferhalb der Pr\u00fcfkammer angetriebenen Welle auf den in der Pr\u00fcfkammer magnetisch verbundenen Ventilator.<\/p>\n<div id='gallery-1' class='gallery galleryid-15276 gallery-columns-2 gallery-size-medium'><figure class='gallery-item'>\n\t\t\t<div class='gallery-icon landscape'>\n\t\t\t\t<a href='https:\/\/www.olfasense.com\/wp-content\/uploads\/2021\/02\/Ventilator-VOC-emission-test-chamber-1024x683.jpg' title=\"\" data-rl_title=\"\" class=\"rl-gallery-link\" data-rl_caption=\"\" data-rel=\"lightbox-gallery-1\"><img fetchpriority=\"high\" decoding=\"async\" width=\"300\" height=\"200\" src=\"https:\/\/www.olfasense.com\/wp-content\/uploads\/2021\/02\/Ventilator-VOC-emission-test-chamber-300x200.jpg\" class=\"attachment-medium size-medium\" alt=\"\" srcset=\"https:\/\/www.olfasense.com\/wp-content\/uploads\/2021\/02\/Ventilator-VOC-emission-test-chamber-300x200.jpg 300w, https:\/\/www.olfasense.com\/wp-content\/uploads\/2021\/02\/Ventilator-VOC-emission-test-chamber-1024x683.jpg 1024w, https:\/\/www.olfasense.com\/wp-content\/uploads\/2021\/02\/Ventilator-VOC-emission-test-chamber-768x512.jpg 768w, https:\/\/www.olfasense.com\/wp-content\/uploads\/2021\/02\/Ventilator-VOC-emission-test-chamber-1536x1024.jpg 1536w, https:\/\/www.olfasense.com\/wp-content\/uploads\/2021\/02\/Ventilator-VOC-emission-test-chamber-2048x1365.jpg 2048w\" sizes=\"(max-width: 300px) 100vw, 300px\" loading=\"eager\" \/><\/a>\n\t\t\t<\/div><\/figure><figure class='gallery-item'>\n\t\t\t<div class='gallery-icon landscape'>\n\t\t\t\t<a href='https:\/\/www.olfasense.com\/wp-content\/uploads\/2021\/02\/Ventilator-VOC-emission-test-chamber-2-1024x683.jpg' title=\"\" data-rl_title=\"\" class=\"rl-gallery-link\" data-rl_caption=\"\" data-rel=\"lightbox-gallery-1\"><img decoding=\"async\" width=\"300\" height=\"200\" src=\"https:\/\/www.olfasense.com\/wp-content\/uploads\/2021\/02\/Ventilator-VOC-emission-test-chamber-2-300x200.jpg\" class=\"attachment-medium size-medium\" alt=\"Ventilator VOC emission test chamber 2\" srcset=\"https:\/\/www.olfasense.com\/wp-content\/uploads\/2021\/02\/Ventilator-VOC-emission-test-chamber-2-300x200.jpg 300w, https:\/\/www.olfasense.com\/wp-content\/uploads\/2021\/02\/Ventilator-VOC-emission-test-chamber-2-1024x683.jpg 1024w, https:\/\/www.olfasense.com\/wp-content\/uploads\/2021\/02\/Ventilator-VOC-emission-test-chamber-2-768x512.jpg 768w, https:\/\/www.olfasense.com\/wp-content\/uploads\/2021\/02\/Ventilator-VOC-emission-test-chamber-2-1536x1024.jpg 1536w, https:\/\/www.olfasense.com\/wp-content\/uploads\/2021\/02\/Ventilator-VOC-emission-test-chamber-2-2048x1365.jpg 2048w\" sizes=\"(max-width: 300px) 100vw, 300px\" loading=\"eager\" \/><\/a>\n\t\t\t<\/div><\/figure>\n\t\t<\/div>\n\n<p>In diskreten Magnetsitzen verbaute Magnete vor und in der Pr\u00fcfkammer gew\u00e4hrleisten in ihrer r\u00e4umlichen Anordnung eine kraftschl\u00fcssige \u00dcbertragung der Rotationsbewegung auf den Ventilator. Diese Neuerung verzichtet sowohl in der Lagerung als auch in der Abdichtung vollst\u00e4ndig auf Kunst- und Schmierstoffe, was sich positiv auf die Hintergrundkonzentration der Pr\u00fcfkammer auswirkt (Siehe hierzu auch <a href=\"https:\/\/www.olfasense.com\/de\/2021\/02\/kalibriererung-ek1000-voc-emissionspruefkammer\/\" target=\"_blank\" rel=\"noopener noreferrer\">News zu EK1000 Kalibrierung<\/a> vom 2. Februar 2021).<\/p>\n<p>F\u00fcr den Austausch der Antriebswelle und des Ventilators werden vor Ort weniger als 2 Arbeitsstunden ben\u00f6tigt. So ist ihre Kammer im Wartungsfall z\u00fcgig wieder einsatzbereit.<\/p>\n<p>Wir danken Dietmar Mannebeck und Meik Fernberg f\u00fcr ihren Innovationsgeist.<\/p>\n<p>\u00dcber den folgenden Link erfahren Sie mehr \u00fcber unsere <a href=\"https:\/\/www.olfasense.com\/de\/instrument\/voc-emissionspruefkammer-1000\/\" target=\"_blank\" rel=\"noopener noreferrer\">EK1000 Emissionspr\u00fcfkammer<\/a>. Unser digitaler Showroom erm\u00f6glicht es Ihnen zudem unsere Kammer virtuell zu erleben. Kontaktieren Sie uns f\u00fcr eine individuelle online Pr\u00e4sentation der EK 1000.<\/p>\n<p><strong>Marc Andresen<\/strong><br \/>\nSenior Sales Manager<br \/>\nT: +49 431 220 12 14<br \/>\nE: <a href=\"mailto:mandresen@olfasense.com\">mandresen@olfasense.com<\/a><\/p>\n","protected":false},"excerpt":{"rendered":"Ventilatordurchf\u00fchrung, f\u00fcr einen magnetisch angetriebenen Ventilator Bei der EK1000 Emissionspr\u00fcfkammer freut sich Olfasense \u00fcber die Entwicklung einer neuen Ventilatordurchf\u00fchrung und eines magnetisch angetriebenen Ventilators. Herk\u00f6mmliche VOC Kammern haben h\u00e4ufig den Nachteil, dass der Antrieb des L\u00fcfterrades (Ventilator) in der Pr\u00fcfkammer durch eine sehr aufw\u00e4ndige Konstruktion erfolgt,\u00a0was im Wartungsfall erheblichen Zeitaufwand bedeutet. Das kann zu unangenehmen","protected":false},"author":5,"featured_media":15271,"comment_status":"closed","ping_status":"closed","sticky":false,"template":"","format":"standard","meta":{"_acf_changed":false,"footnotes":""},"categories":[1],"tags":[],"class_list":["post post-type-post post-view- post-scope-","status-publish","post-format-standard","has-post-thumbnail","category-unkategorisiert","clear"],"acf":[],"_links":{"self":[{"href":"https:\/\/www.olfasense.com\/de\/wp-json\/wp\/v2\/posts\/15276","targetHints":{"allow":["GET"]}}],"collection":[{"href":"https:\/\/www.olfasense.com\/de\/wp-json\/wp\/v2\/posts"}],"about":[{"href":"https:\/\/www.olfasense.com\/de\/wp-json\/wp\/v2\/types\/post"}],"author":[{"embeddable":true,"href":"https:\/\/www.olfasense.com\/de\/wp-json\/wp\/v2\/users\/5"}],"replies":[{"embeddable":true,"href":"https:\/\/www.olfasense.com\/de\/wp-json\/wp\/v2\/comments?post=15276"}],"version-history":[{"count":2,"href":"https:\/\/www.olfasense.com\/de\/wp-json\/wp\/v2\/posts\/15276\/revisions"}],"predecessor-version":[{"id":15278,"href":"https:\/\/www.olfasense.com\/de\/wp-json\/wp\/v2\/posts\/15276\/revisions\/15278"}],"wp:featuredmedia":[{"embeddable":true,"href":"https:\/\/www.olfasense.com\/de\/wp-json\/wp\/v2\/media\/15271"}],"wp:attachment":[{"href":"https:\/\/www.olfasense.com\/de\/wp-json\/wp\/v2\/media?parent=15276"}],"wp:term":[{"taxonomy":"category","embeddable":true,"href":"https:\/\/www.olfasense.com\/de\/wp-json\/wp\/v2\/categories?post=15276"},{"taxonomy":"post_tag","embeddable":true,"href":"https:\/\/www.olfasense.com\/de\/wp-json\/wp\/v2\/tags?post=15276"}],"curies":[{"name":"wp","href":"https:\/\/api.w.org\/{rel}","templated":true}]}}